{"id":10288,"date":"2024-09-27T14:55:52","date_gmt":"2024-09-27T20:55:52","guid":{"rendered":"https:\/\/www.archivosfutmex.com\/wordpress\/?p=10288"},"modified":"2024-09-27T14:55:53","modified_gmt":"2024-09-27T20:55:53","slug":"palabras-del-santo-padre-59","status":"publish","type":"post","link":"https:\/\/www.archivosfutmex.com\/wordpress\/archivos\/10288","title":{"rendered":"PALABRAS DEL SANTO PADRE"},"content":{"rendered":"\n<p>Es una pregunta que podemos hacernos tambi\u00e9n nosotros: \u00bfQu\u00e9 dice la gente de Jes\u00fas? En general, cosas hermosas: muchos lo ven como un gran maestro, como una persona especial: buena, justa, coherente, valiente\u2026 Pero \u00bfesto es suficiente para entender qui\u00e9n es, y, sobre todo, es suficiente para Jes\u00fas? Parece que no. Si \u00c9l fuera solamente un personaje del pasado (\u2026) ser\u00eda solo un hermoso recuerdo de un tiempo pasado. Y esto para Jes\u00fas no est\u00e1 bien. Por eso, inmediatamente despu\u00e9s, el Se\u00f1or plantea a los disc\u00edpulos la pregunta decisiva: \u00abY vosotros \u2013\u00a1vosotros! \u2013 \u00bfqui\u00e9n dec\u00eds que soy yo?\u00bb (v. 15). \u00bfQui\u00e9n soy yo para vosotros, ahora? Jes\u00fas no quiere ser un protagonista de la historia, sino que quiere ser protagonista de tu presente, de mi presente; no un profeta lejano: Jes\u00fas quiere ser el Dios cercano. Cristo, hermanos y hermanas, no es un recuerdo del pasado, sino el Dios del presente. Si fuera solo un personaje hist\u00f3rico, imitarlo hoy ser\u00eda imposible: nos encontrar\u00edamos frente al gran foso del tiempo y, sobre todo, ante su modelo, que es como una monta\u00f1a alt\u00edsima e inalcanzable (\u2026) En cambio, Jes\u00fas est\u00e1 vivo: recordemos esto, Jes\u00fas est\u00e1 vivo, Jes\u00fas vive en la Iglesia, vive en el mundo, Jes\u00fas nos acompa\u00f1a, Jes\u00fas est\u00e1 a nuestro lado, nos ofrece su Palabra, nos ofrece su gracia, que iluminan y reconfortan en el camino. (\u00c1ngelus,\u00a027 de agosto de 2023)<\/p>\n","protected":false},"excerpt":{"rendered":"<p>Es una pregunta que podemos hacernos tambi\u00e9n nosotros: \u00bfQu\u00e9 dice la gente de Jes\u00fas? En general, cosas hermosas: muchos lo ven como un gran maestro, como una persona especial: buena, justa, coherente, valiente\u2026 Pero \u00bfesto es suficiente para entender qui\u00e9n es, y, sobre todo, es suficiente para Jes\u00fas? Parece que no. Si \u00c9l fuera solamente [&hellip;]<\/p>\n","protected":false},"author":2,"featured_media":0,"comment_status":"closed","ping_status":"closed","sticky":false,"template":"","format":"standard","meta":{"footnotes":""},"categories":[229],"tags":[],"class_list":["post-10288","post","type-post","status-publish","format-standard","hentry","category-palabras-del-santo-padre"],"_links":{"self":[{"href":"https:\/\/www.archivosfutmex.com\/wordpress\/wp-json\/wp\/v2\/posts\/10288","targetHints":{"allow":["GET"]}}],"collection":[{"href":"https:\/\/www.archivosfutmex.com\/wordpress\/wp-json\/wp\/v2\/posts"}],"about":[{"href":"https:\/\/www.archivosfutmex.com\/wordpress\/wp-json\/wp\/v2\/types\/post"}],"author":[{"embeddable":true,"href":"https:\/\/www.archivosfutmex.com\/wordpress\/wp-json\/wp\/v2\/users\/2"}],"replies":[{"embeddable":true,"href":"https:\/\/www.archivosfutmex.com\/wordpress\/wp-json\/wp\/v2\/comments?post=10288"}],"version-history":[{"count":0,"href":"https:\/\/www.archivosfutmex.com\/wordpress\/wp-json\/wp\/v2\/posts\/10288\/revisions"}],"wp:attachment":[{"href":"https:\/\/www.archivosfutmex.com\/wordpress\/wp-json\/wp\/v2\/media?parent=10288"}],"wp:term":[{"taxonomy":"category","embeddable":true,"href":"https:\/\/www.archivosfutmex.com\/wordpress\/wp-json\/wp\/v2\/categories?post=10288"},{"taxonomy":"post_tag","embeddable":true,"href":"https:\/\/www.archivosfutmex.com\/wordpress\/wp-json\/wp\/v2\/tags?post=10288"}],"curies":[{"name":"wp","href":"https:\/\/api.w.org\/{rel}","templated":true}]}}