{"id":10294,"date":"2024-09-28T13:56:10","date_gmt":"2024-09-28T19:56:10","guid":{"rendered":"https:\/\/www.archivosfutmex.com\/wordpress\/?p=10294"},"modified":"2024-09-28T13:56:10","modified_gmt":"2024-09-28T19:56:10","slug":"el-santo-evangelio-segun-san-lucas-lc-9-43-45","status":"publish","type":"post","link":"https:\/\/www.archivosfutmex.com\/wordpress\/archivos\/10294","title":{"rendered":"El Santo Evangelio seg\u00fan San Lucas Lc 9 , 43-45"},"content":{"rendered":"\n<p>Lc 9, 43-45<\/p>\n\n\n\n<p>En aquel tiempo, como todos comentaban, admirados, los prodigios que Jes\u00fas hac\u00eda, \u00e9ste dijo a sus disc\u00edpulos: \u201cPresten mucha atenci\u00f3n a lo que les voy a decir: El Hijo del hombre va a ser entregado en manos de los hombres\u201d.<\/p>\n\n\n\n<p>Pero ellos no entendieron estas palabras, pues un velo les ocultaba su sentido y se las volv\u00eda incomprensibles. Y ten\u00edan miedo de preguntarle acerca de este asunto.<\/p>\n","protected":false},"excerpt":{"rendered":"<p>Lc 9, 43-45 En aquel tiempo, como todos comentaban, admirados, los prodigios que Jes\u00fas hac\u00eda, \u00e9ste dijo a sus disc\u00edpulos: \u201cPresten mucha atenci\u00f3n a lo que les voy a decir: El Hijo del hombre va a ser entregado en manos de los hombres\u201d. Pero ellos no entendieron estas palabras, pues un velo les ocultaba su [&hellip;]<\/p>\n","protected":false},"author":2,"featured_media":0,"comment_status":"closed","ping_status":"closed","sticky":false,"template":"","format":"standard","meta":{"footnotes":""},"categories":[165],"tags":[],"class_list":["post-10294","post","type-post","status-publish","format-standard","hentry","category-evangelio-de-hoy"],"_links":{"self":[{"href":"https:\/\/www.archivosfutmex.com\/wordpress\/wp-json\/wp\/v2\/posts\/10294","targetHints":{"allow":["GET"]}}],"collection":[{"href":"https:\/\/www.archivosfutmex.com\/wordpress\/wp-json\/wp\/v2\/posts"}],"about":[{"href":"https:\/\/www.archivosfutmex.com\/wordpress\/wp-json\/wp\/v2\/types\/post"}],"author":[{"embeddable":true,"href":"https:\/\/www.archivosfutmex.com\/wordpress\/wp-json\/wp\/v2\/users\/2"}],"replies":[{"embeddable":true,"href":"https:\/\/www.archivosfutmex.com\/wordpress\/wp-json\/wp\/v2\/comments?post=10294"}],"version-history":[{"count":0,"href":"https:\/\/www.archivosfutmex.com\/wordpress\/wp-json\/wp\/v2\/posts\/10294\/revisions"}],"wp:attachment":[{"href":"https:\/\/www.archivosfutmex.com\/wordpress\/wp-json\/wp\/v2\/media?parent=10294"}],"wp:term":[{"taxonomy":"category","embeddable":true,"href":"https:\/\/www.archivosfutmex.com\/wordpress\/wp-json\/wp\/v2\/categories?post=10294"},{"taxonomy":"post_tag","embeddable":true,"href":"https:\/\/www.archivosfutmex.com\/wordpress\/wp-json\/wp\/v2\/tags?post=10294"}],"curies":[{"name":"wp","href":"https:\/\/api.w.org\/{rel}","templated":true}]}}