{"id":10296,"date":"2024-09-28T13:57:26","date_gmt":"2024-09-28T19:57:26","guid":{"rendered":"https:\/\/www.archivosfutmex.com\/wordpress\/?p=10296"},"modified":"2024-09-28T13:57:27","modified_gmt":"2024-09-28T19:57:27","slug":"palabras-del-santo-padre-60","status":"publish","type":"post","link":"https:\/\/www.archivosfutmex.com\/wordpress\/archivos\/10296","title":{"rendered":"P\u00c1LABRAS DEL SANTO PADRE"},"content":{"rendered":"\n<p>La cruz da miedo. El mismo Pedro, despu\u00e9s de la confesi\u00f3n en la regi\u00f3n de Cesarea di Filippo, cuando Jes\u00fas nuevamente dice esto: reprender\u00e1 el Se\u00f1or dici\u00e9ndole: \u201cNo, Se\u00f1or, \u00a1esto no!\u201d Ten\u00edan miedo a la cruz. En verdad, tambi\u00e9n Jes\u00fas le ten\u00eda miedo; pero \u00ab\u00c9l no pod\u00eda enga\u00f1arse. \u00c9l sab\u00eda. Y era tanto el miedo que esa tarde del jueves sud\u00f3 sangre\u00bb. Incluso le pidi\u00f3 a Dios: \u00abPadre aleja de m\u00ed este c\u00e1liz\u00bb; pero, agreg\u00f3, \u00abque se cumpla tu voluntad. Y esta es la diferencia. (\u2026) debemos pedir la gracia de no huir de la cruz cuando llegue. Cierto, nos da miedo, (\u2026) Muy cerca de Jes\u00fas, en la cruz, estaba su madre. Tal vez hoy, el d\u00eda en el que la invocamos, ser\u00e1 bueno pedirle la gracia de que no se nos quite el temor, porque eso debe estar presente. Pid\u00e1mosle la gracia de no huir de la cruz. Ella estaba all\u00ed y sabe c\u00f3mo se debe estar cerca de la cruz\u00bb. (Homil\u00eda da Santa Marta, 28 de septiembre de 2013)<\/p>\n","protected":false},"excerpt":{"rendered":"<p>La cruz da miedo. El mismo Pedro, despu\u00e9s de la confesi\u00f3n en la regi\u00f3n de Cesarea di Filippo, cuando Jes\u00fas nuevamente dice esto: reprender\u00e1 el Se\u00f1or dici\u00e9ndole: \u201cNo, Se\u00f1or, \u00a1esto no!\u201d Ten\u00edan miedo a la cruz. En verdad, tambi\u00e9n Jes\u00fas le ten\u00eda miedo; pero \u00ab\u00c9l no pod\u00eda enga\u00f1arse. \u00c9l sab\u00eda. Y era tanto el miedo [&hellip;]<\/p>\n","protected":false},"author":2,"featured_media":0,"comment_status":"closed","ping_status":"closed","sticky":false,"template":"","format":"standard","meta":{"footnotes":""},"categories":[229],"tags":[],"class_list":["post-10296","post","type-post","status-publish","format-standard","hentry","category-palabras-del-santo-padre"],"_links":{"self":[{"href":"https:\/\/www.archivosfutmex.com\/wordpress\/wp-json\/wp\/v2\/posts\/10296","targetHints":{"allow":["GET"]}}],"collection":[{"href":"https:\/\/www.archivosfutmex.com\/wordpress\/wp-json\/wp\/v2\/posts"}],"about":[{"href":"https:\/\/www.archivosfutmex.com\/wordpress\/wp-json\/wp\/v2\/types\/post"}],"author":[{"embeddable":true,"href":"https:\/\/www.archivosfutmex.com\/wordpress\/wp-json\/wp\/v2\/users\/2"}],"replies":[{"embeddable":true,"href":"https:\/\/www.archivosfutmex.com\/wordpress\/wp-json\/wp\/v2\/comments?post=10296"}],"version-history":[{"count":0,"href":"https:\/\/www.archivosfutmex.com\/wordpress\/wp-json\/wp\/v2\/posts\/10296\/revisions"}],"wp:attachment":[{"href":"https:\/\/www.archivosfutmex.com\/wordpress\/wp-json\/wp\/v2\/media?parent=10296"}],"wp:term":[{"taxonomy":"category","embeddable":true,"href":"https:\/\/www.archivosfutmex.com\/wordpress\/wp-json\/wp\/v2\/categories?post=10296"},{"taxonomy":"post_tag","embeddable":true,"href":"https:\/\/www.archivosfutmex.com\/wordpress\/wp-json\/wp\/v2\/tags?post=10296"}],"curies":[{"name":"wp","href":"https:\/\/api.w.org\/{rel}","templated":true}]}}