{"id":10300,"date":"2024-09-29T08:14:29","date_gmt":"2024-09-29T14:14:29","guid":{"rendered":"https:\/\/www.archivosfutmex.com\/wordpress\/?p=10300"},"modified":"2024-09-29T08:14:30","modified_gmt":"2024-09-29T14:14:30","slug":"primera-lectura-del-santo-evangelio-de-hoy-domingo-29-septiembre-2024-del-libro-de-los-numeros-11-25-29","status":"publish","type":"post","link":"https:\/\/www.archivosfutmex.com\/wordpress\/archivos\/10300","title":{"rendered":"Primera Lectura del Santo Evangelio de Hoy Domingo 29 Septiembre 2024. Del Libro de los N\u00fameros 11, 25- 29"},"content":{"rendered":"\n<p>Num 11, 25-29<\/p>\n\n\n\n<p>En aquellos d\u00edas, el Se\u00f1or descendi\u00f3 de la nube y habl\u00f3 con Mois\u00e9s. Tom\u00f3 del esp\u00edritu que reposaba sobre Mois\u00e9s y se lo dio a los setenta ancianos. Cuando el esp\u00edritu se pos\u00f3 sobre ellos, se pusieron a profetizar.<br><br>Se hab\u00edan quedado en el campamento dos hombres: uno llamado Eldad y otro, Medad. Tambi\u00e9n sobre ellos se pos\u00f3 el esp\u00edritu, pues aunque no hab\u00edan ido a la reuni\u00f3n, eran de los elegidos y ambos comenzaron a profetizar en el campamento.<br><br>Un muchacho corri\u00f3 a contarle a Mois\u00e9s que Eldad y Medad estaban profetizando en el campamento. Entonces Josu\u00e9, hijo de Nun, que desde muy joven era ayudante de Mois\u00e9s, le dijo: \u00abSe\u00f1or m\u00edo, proh\u00edbeselo\u00bb. Pero Mois\u00e9s le respondi\u00f3: \u00ab\u00bfCrees que voy a ponerme celoso? Ojal\u00e1 que todo el pueblo de Dios fuera profeta y descendiera sobre todos ellos el esp\u00edritu del Se\u00f1or\u00bb.<\/p>\n\n\n\n<p>Segunda lectura<\/p>\n","protected":false},"excerpt":{"rendered":"<p>Num 11, 25-29 En aquellos d\u00edas, el Se\u00f1or descendi\u00f3 de la nube y habl\u00f3 con Mois\u00e9s. Tom\u00f3 del esp\u00edritu que reposaba sobre Mois\u00e9s y se lo dio a los setenta ancianos. Cuando el esp\u00edritu se pos\u00f3 sobre ellos, se pusieron a profetizar. Se hab\u00edan quedado en el campamento dos hombres: uno llamado Eldad y otro, [&hellip;]<\/p>\n","protected":false},"author":2,"featured_media":0,"comment_status":"closed","ping_status":"closed","sticky":false,"template":"","format":"standard","meta":{"footnotes":""},"categories":[205],"tags":[],"class_list":["post-10300","post","type-post","status-publish","format-standard","hentry","category-primera-lectura"],"_links":{"self":[{"href":"https:\/\/www.archivosfutmex.com\/wordpress\/wp-json\/wp\/v2\/posts\/10300","targetHints":{"allow":["GET"]}}],"collection":[{"href":"https:\/\/www.archivosfutmex.com\/wordpress\/wp-json\/wp\/v2\/posts"}],"about":[{"href":"https:\/\/www.archivosfutmex.com\/wordpress\/wp-json\/wp\/v2\/types\/post"}],"author":[{"embeddable":true,"href":"https:\/\/www.archivosfutmex.com\/wordpress\/wp-json\/wp\/v2\/users\/2"}],"replies":[{"embeddable":true,"href":"https:\/\/www.archivosfutmex.com\/wordpress\/wp-json\/wp\/v2\/comments?post=10300"}],"version-history":[{"count":0,"href":"https:\/\/www.archivosfutmex.com\/wordpress\/wp-json\/wp\/v2\/posts\/10300\/revisions"}],"wp:attachment":[{"href":"https:\/\/www.archivosfutmex.com\/wordpress\/wp-json\/wp\/v2\/media?parent=10300"}],"wp:term":[{"taxonomy":"category","embeddable":true,"href":"https:\/\/www.archivosfutmex.com\/wordpress\/wp-json\/wp\/v2\/categories?post=10300"},{"taxonomy":"post_tag","embeddable":true,"href":"https:\/\/www.archivosfutmex.com\/wordpress\/wp-json\/wp\/v2\/tags?post=10300"}],"curies":[{"name":"wp","href":"https:\/\/api.w.org\/{rel}","templated":true}]}}