{"id":11481,"date":"2024-11-27T18:27:28","date_gmt":"2024-11-28T00:27:28","guid":{"rendered":"https:\/\/www.archivosfutmex.com\/wordpress\/?p=11481"},"modified":"2024-11-27T18:27:29","modified_gmt":"2024-11-28T00:27:29","slug":"el-santo-evangelio-de-hoy-miercoles-27-del-evangelio-segun-san-lucas-lc-21-12-19","status":"publish","type":"post","link":"https:\/\/www.archivosfutmex.com\/wordpress\/archivos\/11481","title":{"rendered":"El Santo Evangelio de Hoy Mi\u00e9rcoles 27 , Del Evangelio seg\u00fan San Lucas Lc 21, 12-19"},"content":{"rendered":"\n<p>En aquel tiempo, Jes\u00fas dijo a sus disc\u00edpulos: \u201cLos perseguir\u00e1n y los apresar\u00e1n, los llevar\u00e1n a los tribunales y a la c\u00e1rcel, y los har\u00e1n comparecer ante reyes y gobernantes por causa m\u00eda. Con esto ustedes dar\u00e1n testimonio de m\u00ed.<\/p>\n\n\n\n<p>Gr\u00e1bense bien que no tienen que preparar de antemano su defensa, porque yo les dar\u00e9 palabras sabias, a las que no podr\u00e1 resistir ni contradecir ning\u00fan adversario de ustedes.<\/p>\n\n\n\n<p>Los traicionar\u00e1n hasta sus padres y hermanos, sus parientes y amigos. Matar\u00e1n a algunos de ustedes, y todos los odiar\u00e1n por causa m\u00eda. Sin embargo, ni un cabello de su cabeza perecer\u00e1. Si se mantienen firmes, conseguir\u00e1n la vida\u2019\u2019.<\/p>\n","protected":false},"excerpt":{"rendered":"<p>En aquel tiempo, Jes\u00fas dijo a sus disc\u00edpulos: \u201cLos perseguir\u00e1n y los apresar\u00e1n, los llevar\u00e1n a los tribunales y a la c\u00e1rcel, y los har\u00e1n comparecer ante reyes y gobernantes por causa m\u00eda. Con esto ustedes dar\u00e1n testimonio de m\u00ed. Gr\u00e1bense bien que no tienen que preparar de antemano su defensa, porque yo les dar\u00e9 [&hellip;]<\/p>\n","protected":false},"author":2,"featured_media":0,"comment_status":"closed","ping_status":"closed","sticky":false,"template":"","format":"standard","meta":{"footnotes":""},"categories":[165],"tags":[],"class_list":["post-11481","post","type-post","status-publish","format-standard","hentry","category-evangelio-de-hoy"],"_links":{"self":[{"href":"https:\/\/www.archivosfutmex.com\/wordpress\/wp-json\/wp\/v2\/posts\/11481","targetHints":{"allow":["GET"]}}],"collection":[{"href":"https:\/\/www.archivosfutmex.com\/wordpress\/wp-json\/wp\/v2\/posts"}],"about":[{"href":"https:\/\/www.archivosfutmex.com\/wordpress\/wp-json\/wp\/v2\/types\/post"}],"author":[{"embeddable":true,"href":"https:\/\/www.archivosfutmex.com\/wordpress\/wp-json\/wp\/v2\/users\/2"}],"replies":[{"embeddable":true,"href":"https:\/\/www.archivosfutmex.com\/wordpress\/wp-json\/wp\/v2\/comments?post=11481"}],"version-history":[{"count":0,"href":"https:\/\/www.archivosfutmex.com\/wordpress\/wp-json\/wp\/v2\/posts\/11481\/revisions"}],"wp:attachment":[{"href":"https:\/\/www.archivosfutmex.com\/wordpress\/wp-json\/wp\/v2\/media?parent=11481"}],"wp:term":[{"taxonomy":"category","embeddable":true,"href":"https:\/\/www.archivosfutmex.com\/wordpress\/wp-json\/wp\/v2\/categories?post=11481"},{"taxonomy":"post_tag","embeddable":true,"href":"https:\/\/www.archivosfutmex.com\/wordpress\/wp-json\/wp\/v2\/tags?post=11481"}],"curies":[{"name":"wp","href":"https:\/\/api.w.org\/{rel}","templated":true}]}}