{"id":11483,"date":"2024-11-27T18:29:09","date_gmt":"2024-11-28T00:29:09","guid":{"rendered":"https:\/\/www.archivosfutmex.com\/wordpress\/?p=11483"},"modified":"2024-11-27T18:29:09","modified_gmt":"2024-11-28T00:29:09","slug":"palabras-del-santo-padre-99","status":"publish","type":"post","link":"https:\/\/www.archivosfutmex.com\/wordpress\/archivos\/11483","title":{"rendered":"PALABRAS DEL SANTO PADRE"},"content":{"rendered":"\n<p>Jes\u00fas anuncia pruebas dolorosas y persecuciones que sus disc\u00edpulos deber\u00e1n sufrir, por su causa. Pero asegura: \u00abNi un cabello de vuestra cabeza perecer\u00e1\u00bb (v. 18). Nos recuerda que estamos totalmente en las manos de Dios. Las adversidades que encontramos por nuestra fe y nuestra adhesi\u00f3n al Evangelio son ocasiones de testimonio; no deben alejarnos del Se\u00f1or, sino impulsarnos a abandonarnos a\u00fan m\u00e1s a \u00c9l, a la fuerza de su Esp\u00edritu y de su gracia.<\/p>\n\n\n\n<p>En este momento pienso, y pensamos todos. Hag\u00e1moslo juntos: pensemos en los muchos hermanos y hermanas cristianos que sufren persecuciones a causa de su fe. Son muchos. (\u2026)<\/p>\n\n\n\n<p>Al final, Jes\u00fas hace una promesa que es garant\u00eda de victoria: \u00abCon vuestra perseverancia salvar\u00e9is vuestras almas\u00bb (v. 19). \u00a1Cu\u00e1nta esperanza en estas palabras! Son una llamada a la esperanza y a la paciencia, a saber esperar los frutos seguros de la salvaci\u00f3n, confiando en el sentido profundo de la vida y de la historia: las pruebas y las dificultades forman parte de un designio m\u00e1s grande; el Se\u00f1or, due\u00f1o de la historia, conduce todo a su realizaci\u00f3n. A pesar de los des\u00f3rdenes y los desastres que agitan el mundo, el designio de bondad y de misericordia de Dios se cumplir\u00e1. Y \u00e9sta es nuestra esperanza: andar as\u00ed, por este camino, en el designio de Dios que se realizar\u00e1. Es nuestra esperanza. (\u00c1ngelus, 17 de noviembre de 2013)<\/p>\n\n\n\n<p><a href=\"https:\/\/www.comunicazione.va\/en\/sostienici\/es.html\" target=\"_blank\" rel=\"noreferrer noopener\"><\/a><\/p>\n\n\n\n<figure class=\"wp-block-image\"><a href=\"https:\/\/www.comunicazione.va\/en\/sostienici\/es.html\" target=\"_blank\" rel=\"noreferrer noopener\"><img decoding=\"async\" src=\"https:\/\/www.vaticannews.va\/etc\/designs\/vatican-news\/release\/library\/main\/images\/support-comunicazione-banner-v2.png\" alt=\"Su contribuci\u00f3n a una gran misi\u00f3n: apoyarnos para llevar la palabra del Papa a todos los hogares\" title=\"Su contribuci\u00f3n a una gran misi\u00f3n: apoyarnos para llevar la palabra del Papa a todos los hogares\"\/><\/a><\/figure>\n\n\n\n<p><a href=\"https:\/\/www.comunicazione.va\/en\/sostienici\/es.html\" target=\"_blank\" rel=\"noreferrer noopener\"><strong>Su contribuci\u00f3n a una gran misi\u00f3n: apoyarnos para llevar la palabra del Papa a todos los hogares<\/strong><\/a><\/p>\n","protected":false},"excerpt":{"rendered":"<p>Jes\u00fas anuncia pruebas dolorosas y persecuciones que sus disc\u00edpulos deber\u00e1n sufrir, por su causa. Pero asegura: \u00abNi un cabello de vuestra cabeza perecer\u00e1\u00bb (v. 18). Nos recuerda que estamos totalmente en las manos de Dios. Las adversidades que encontramos por nuestra fe y nuestra adhesi\u00f3n al Evangelio son ocasiones de testimonio; no deben alejarnos del [&hellip;]<\/p>\n","protected":false},"author":2,"featured_media":0,"comment_status":"closed","ping_status":"closed","sticky":false,"template":"","format":"standard","meta":{"footnotes":""},"categories":[229],"tags":[],"class_list":["post-11483","post","type-post","status-publish","format-standard","hentry","category-palabras-del-santo-padre"],"_links":{"self":[{"href":"https:\/\/www.archivosfutmex.com\/wordpress\/wp-json\/wp\/v2\/posts\/11483","targetHints":{"allow":["GET"]}}],"collection":[{"href":"https:\/\/www.archivosfutmex.com\/wordpress\/wp-json\/wp\/v2\/posts"}],"about":[{"href":"https:\/\/www.archivosfutmex.com\/wordpress\/wp-json\/wp\/v2\/types\/post"}],"author":[{"embeddable":true,"href":"https:\/\/www.archivosfutmex.com\/wordpress\/wp-json\/wp\/v2\/users\/2"}],"replies":[{"embeddable":true,"href":"https:\/\/www.archivosfutmex.com\/wordpress\/wp-json\/wp\/v2\/comments?post=11483"}],"version-history":[{"count":0,"href":"https:\/\/www.archivosfutmex.com\/wordpress\/wp-json\/wp\/v2\/posts\/11483\/revisions"}],"wp:attachment":[{"href":"https:\/\/www.archivosfutmex.com\/wordpress\/wp-json\/wp\/v2\/media?parent=11483"}],"wp:term":[{"taxonomy":"category","embeddable":true,"href":"https:\/\/www.archivosfutmex.com\/wordpress\/wp-json\/wp\/v2\/categories?post=11483"},{"taxonomy":"post_tag","embeddable":true,"href":"https:\/\/www.archivosfutmex.com\/wordpress\/wp-json\/wp\/v2\/tags?post=11483"}],"curies":[{"name":"wp","href":"https:\/\/api.w.org\/{rel}","templated":true}]}}