{"id":11486,"date":"2024-11-28T07:48:40","date_gmt":"2024-11-28T13:48:40","guid":{"rendered":"https:\/\/www.archivosfutmex.com\/wordpress\/?p=11486"},"modified":"2024-11-28T07:48:40","modified_gmt":"2024-11-28T13:48:40","slug":"oracion-colecta-hoy-jueves-28-noviembre-2024","status":"publish","type":"post","link":"https:\/\/www.archivosfutmex.com\/wordpress\/archivos\/11486","title":{"rendered":"ORACION COLECTA\u00a0 Hoy Jueves 28 Noviembre 2024"},"content":{"rendered":"\n<p>Padre santo , que aunque llaman a todos tus hijos a la perfecci\u00f3n de la caridad , invitas a algunos a seguir m\u00e1s de cerca las huellas de tu Hijo, concede a quienes han elegido para esta vocaci\u00f3n especial vivir de tal manera , que sean para la Iglesia y para el mundo , un signo elocuente de tu Reino , Por nuestro Se\u00f1or Jesucristo\u2026..Am\u00e9n<\/p>\n","protected":false},"excerpt":{"rendered":"<p>Padre santo , que aunque llaman a todos tus hijos a la perfecci\u00f3n de la caridad , invitas a algunos a seguir m\u00e1s de cerca las huellas de tu Hijo, concede a quienes han elegido para esta vocaci\u00f3n especial vivir de tal manera , que sean para la Iglesia y para el mundo , un [&hellip;]<\/p>\n","protected":false},"author":2,"featured_media":0,"comment_status":"closed","ping_status":"closed","sticky":false,"template":"","format":"standard","meta":{"footnotes":""},"categories":[185],"tags":[],"class_list":["post-11486","post","type-post","status-publish","format-standard","hentry","category-oracion-colecta"],"_links":{"self":[{"href":"https:\/\/www.archivosfutmex.com\/wordpress\/wp-json\/wp\/v2\/posts\/11486","targetHints":{"allow":["GET"]}}],"collection":[{"href":"https:\/\/www.archivosfutmex.com\/wordpress\/wp-json\/wp\/v2\/posts"}],"about":[{"href":"https:\/\/www.archivosfutmex.com\/wordpress\/wp-json\/wp\/v2\/types\/post"}],"author":[{"embeddable":true,"href":"https:\/\/www.archivosfutmex.com\/wordpress\/wp-json\/wp\/v2\/users\/2"}],"replies":[{"embeddable":true,"href":"https:\/\/www.archivosfutmex.com\/wordpress\/wp-json\/wp\/v2\/comments?post=11486"}],"version-history":[{"count":0,"href":"https:\/\/www.archivosfutmex.com\/wordpress\/wp-json\/wp\/v2\/posts\/11486\/revisions"}],"wp:attachment":[{"href":"https:\/\/www.archivosfutmex.com\/wordpress\/wp-json\/wp\/v2\/media?parent=11486"}],"wp:term":[{"taxonomy":"category","embeddable":true,"href":"https:\/\/www.archivosfutmex.com\/wordpress\/wp-json\/wp\/v2\/categories?post=11486"},{"taxonomy":"post_tag","embeddable":true,"href":"https:\/\/www.archivosfutmex.com\/wordpress\/wp-json\/wp\/v2\/tags?post=11486"}],"curies":[{"name":"wp","href":"https:\/\/api.w.org\/{rel}","templated":true}]}}