{"id":11497,"date":"2024-11-29T09:54:54","date_gmt":"2024-11-29T15:54:54","guid":{"rendered":"https:\/\/www.archivosfutmex.com\/wordpress\/?p=11497"},"modified":"2024-11-29T09:54:55","modified_gmt":"2024-11-29T15:54:55","slug":"del-santo-evangelio-de-hoy-segun-san-lucas-lc-21-29-33","status":"publish","type":"post","link":"https:\/\/www.archivosfutmex.com\/wordpress\/archivos\/11497","title":{"rendered":"Del Santo Evangelio de Hoy , Seg\u00fan San Lucas Lc 21, 29 , 33"},"content":{"rendered":"\n<p>Lc 21, 29-33<\/p>\n\n\n\n<p>En aquel tiempo, Jes\u00fas propuso a sus disc\u00edpulos esta comparaci\u00f3n: \u201cF\u00edjense en la higuera y en los dem\u00e1s \u00e1rboles. Cuando ven que empiezan a dar fruto, saben que ya est\u00e1 cerca el verano. As\u00ed tambi\u00e9n, cuando vean que suceden las cosas que les he dicho, sepan que el Reino de Dios est\u00e1 cerca. Yo les aseguro que antes de que esta generaci\u00f3n muera, todo esto se cumplir\u00e1. Podr\u00e1n dejar de existir el cielo y la tierra, pero mis palabras no dejar\u00e1n de cumplirse\u201d.<\/p>\n","protected":false},"excerpt":{"rendered":"<p>Lc 21, 29-33 En aquel tiempo, Jes\u00fas propuso a sus disc\u00edpulos esta comparaci\u00f3n: \u201cF\u00edjense en la higuera y en los dem\u00e1s \u00e1rboles. Cuando ven que empiezan a dar fruto, saben que ya est\u00e1 cerca el verano. As\u00ed tambi\u00e9n, cuando vean que suceden las cosas que les he dicho, sepan que el Reino de Dios est\u00e1 [&hellip;]<\/p>\n","protected":false},"author":2,"featured_media":0,"comment_status":"closed","ping_status":"closed","sticky":false,"template":"","format":"standard","meta":{"footnotes":""},"categories":[165],"tags":[],"class_list":["post-11497","post","type-post","status-publish","format-standard","hentry","category-evangelio-de-hoy"],"_links":{"self":[{"href":"https:\/\/www.archivosfutmex.com\/wordpress\/wp-json\/wp\/v2\/posts\/11497","targetHints":{"allow":["GET"]}}],"collection":[{"href":"https:\/\/www.archivosfutmex.com\/wordpress\/wp-json\/wp\/v2\/posts"}],"about":[{"href":"https:\/\/www.archivosfutmex.com\/wordpress\/wp-json\/wp\/v2\/types\/post"}],"author":[{"embeddable":true,"href":"https:\/\/www.archivosfutmex.com\/wordpress\/wp-json\/wp\/v2\/users\/2"}],"replies":[{"embeddable":true,"href":"https:\/\/www.archivosfutmex.com\/wordpress\/wp-json\/wp\/v2\/comments?post=11497"}],"version-history":[{"count":0,"href":"https:\/\/www.archivosfutmex.com\/wordpress\/wp-json\/wp\/v2\/posts\/11497\/revisions"}],"wp:attachment":[{"href":"https:\/\/www.archivosfutmex.com\/wordpress\/wp-json\/wp\/v2\/media?parent=11497"}],"wp:term":[{"taxonomy":"category","embeddable":true,"href":"https:\/\/www.archivosfutmex.com\/wordpress\/wp-json\/wp\/v2\/categories?post=11497"},{"taxonomy":"post_tag","embeddable":true,"href":"https:\/\/www.archivosfutmex.com\/wordpress\/wp-json\/wp\/v2\/tags?post=11497"}],"curies":[{"name":"wp","href":"https:\/\/api.w.org\/{rel}","templated":true}]}}