{"id":11691,"date":"2024-12-18T04:31:05","date_gmt":"2024-12-18T10:31:05","guid":{"rendered":"https:\/\/www.archivosfutmex.com\/wordpress\/?p=11691"},"modified":"2024-12-18T04:31:06","modified_gmt":"2024-12-18T10:31:06","slug":"primera-lectura-de-hoy-miercoles-18-diciembre-2024-del-libro-de-jeremias-jr-23-5-8","status":"publish","type":"post","link":"https:\/\/www.archivosfutmex.com\/wordpress\/archivos\/11691","title":{"rendered":"Primera Lectura de Hoy Mi\u00e9rcoles 18 Diciembre 2024, Del Libro de Jerem\u00edas Jr 23, 5-8"},"content":{"rendered":"\n<p>Jr 23, 5-8<\/p>\n\n\n\n<p>\u00abMiren: Viene un tiempo, dice el Se\u00f1or,<br>en que har\u00e9 surgir un renuevo en el tronco de David:<br>ser\u00e1 un rey justo y prudente<br>y har\u00e1 que en la tierra se observen la ley y la justicia.<br><br>En sus d\u00edas ser\u00e1 puesto a salvo Jud\u00e1,<br>Israel habitar\u00e1 confiadamente<br>y a \u00e9l lo llamar\u00e1n con este nombre:<br>&#8216;El Se\u00f1or es nuestra justicia&#8217;.<br><br>Por eso, miren que vienen tiempos, or\u00e1culo del Se\u00f1or, en los que no se dir\u00e1: &#8216;Bendito sea el Se\u00f1or, que sac\u00f3 a los israelitas de Egipto&#8217;, sino que se dir\u00e1: &#8216;Bendito sea el Se\u00f1or, que sac\u00f3 a los hijos de Israel del pa\u00eds del norte y de los dem\u00e1s pa\u00edses donde los hab\u00eda dispersado, y los trajo para que habitaran de nuevo su propia tierra&#8217; \u00ab.<\/p>\n","protected":false},"excerpt":{"rendered":"<p>Jr 23, 5-8 \u00abMiren: Viene un tiempo, dice el Se\u00f1or,en que har\u00e9 surgir un renuevo en el tronco de David:ser\u00e1 un rey justo y prudentey har\u00e1 que en la tierra se observen la ley y la justicia. En sus d\u00edas ser\u00e1 puesto a salvo Jud\u00e1,Israel habitar\u00e1 confiadamentey a \u00e9l lo llamar\u00e1n con este nombre:&#8216;El Se\u00f1or [&hellip;]<\/p>\n","protected":false},"author":2,"featured_media":0,"comment_status":"closed","ping_status":"closed","sticky":false,"template":"","format":"standard","meta":{"footnotes":""},"categories":[205],"tags":[],"class_list":["post-11691","post","type-post","status-publish","format-standard","hentry","category-primera-lectura"],"_links":{"self":[{"href":"https:\/\/www.archivosfutmex.com\/wordpress\/wp-json\/wp\/v2\/posts\/11691","targetHints":{"allow":["GET"]}}],"collection":[{"href":"https:\/\/www.archivosfutmex.com\/wordpress\/wp-json\/wp\/v2\/posts"}],"about":[{"href":"https:\/\/www.archivosfutmex.com\/wordpress\/wp-json\/wp\/v2\/types\/post"}],"author":[{"embeddable":true,"href":"https:\/\/www.archivosfutmex.com\/wordpress\/wp-json\/wp\/v2\/users\/2"}],"replies":[{"embeddable":true,"href":"https:\/\/www.archivosfutmex.com\/wordpress\/wp-json\/wp\/v2\/comments?post=11691"}],"version-history":[{"count":0,"href":"https:\/\/www.archivosfutmex.com\/wordpress\/wp-json\/wp\/v2\/posts\/11691\/revisions"}],"wp:attachment":[{"href":"https:\/\/www.archivosfutmex.com\/wordpress\/wp-json\/wp\/v2\/media?parent=11691"}],"wp:term":[{"taxonomy":"category","embeddable":true,"href":"https:\/\/www.archivosfutmex.com\/wordpress\/wp-json\/wp\/v2\/categories?post=11691"},{"taxonomy":"post_tag","embeddable":true,"href":"https:\/\/www.archivosfutmex.com\/wordpress\/wp-json\/wp\/v2\/tags?post=11691"}],"curies":[{"name":"wp","href":"https:\/\/api.w.org\/{rel}","templated":true}]}}