{"id":11693,"date":"2024-12-18T04:34:39","date_gmt":"2024-12-18T10:34:39","guid":{"rendered":"https:\/\/www.archivosfutmex.com\/wordpress\/?p=11693"},"modified":"2024-12-18T04:34:40","modified_gmt":"2024-12-18T10:34:40","slug":"el-santo-evangelio-de-hoy-miercoles-18-del-evangelio-de-san-mateo-mt-1-18-24","status":"publish","type":"post","link":"https:\/\/www.archivosfutmex.com\/wordpress\/archivos\/11693","title":{"rendered":"El Santo Evangelio de Hoy Mi\u00e9rcoles 18 , Del Evangelio de San Mateo Mt 1, 18- 24"},"content":{"rendered":"\n<p>Mt 1, 18-24<\/p>\n\n\n\n<p>Cristo vino al mundo de la siguiente manera: Estando Mar\u00eda, su madre, desposada con Jos\u00e9, y antes de que vivieran juntos, sucedi\u00f3 que ella, por obra del Esp\u00edritu Santo, estaba esperando un hijo. Jos\u00e9, su esposo, que era hombre justo, no queriendo ponerla en evidencia, pens\u00f3 dejarla en secreto.<br><br>Mientras pensaba en estas cosas, un \u00e1ngel del Se\u00f1or le dijo en sue\u00f1os: \u00abJos\u00e9, hijo de David, no dudes en recibir en tu casa a Mar\u00eda, tu esposa, porque ella ha concebido por obra del Esp\u00edritu Santo. Dar\u00e1 a luz un hijo y t\u00fa le pondr\u00e1s el nombre de Jes\u00fas, porque \u00e9l salvar\u00e1 a su pueblo de sus pecados\u00bb.<br><br>Todo esto sucedi\u00f3 para que se cumpliera lo que hab\u00eda dicho el Se\u00f1or por boca del profeta Isa\u00edas:&nbsp;<em>He aqu\u00ed que la virgen concebir\u00e1 y dar\u00e1 a luz un hijo, a quien pondr\u00e1n el nombre de Emmanuel, que quiere decir Dios-con-nosotros.<\/em><br><br>Cuando Jos\u00e9 despert\u00f3 de aquel sue\u00f1o, hizo lo que le hab\u00eda mandado el \u00e1ngel del Se\u00f1or y recibi\u00f3 a su esposa.<\/p>\n\n\n\n<p><a href=\"https:\/\/www.comunicazione.va\/en\/sostienici\/es.html\" target=\"_blank\" rel=\"noreferrer noopener\"><\/a><\/p>\n\n\n\n<figure class=\"wp-block-image\"><a href=\"https:\/\/www.comunicazione.va\/en\/sostienici\/es.html\" target=\"_blank\" rel=\"noreferrer noopener\"><img decoding=\"async\" src=\"https:\/\/www.vaticannews.va\/etc\/designs\/vatican-news\/release\/library\/main\/images\/support-comunicazione-banner-v2.png\" alt=\"Su contribuci\u00f3n a una gran misi\u00f3n: apoyarnos para llevar la palabra del Papa a todos los hogares\" title=\"Su contribuci\u00f3n a una gran misi\u00f3n: apoyarnos para llevar la palabra del Papa a todos los hogares\"\/><\/a><\/figure>\n\n\n\n<p><a href=\"https:\/\/www.comunicazione.va\/en\/sostienici\/es.html\" target=\"_blank\" rel=\"noreferrer noopener\"><strong>Su contribuci\u00f3n a una gran misi\u00f3n: apoyarnos para llevar la palabra del Papa a todos los hogares<\/strong><\/a><\/p>\n\n\n\n<ul class=\"wp-block-list\">\n<li>Los textos de la Sagrada Escritura utilizados en esta obra han sido tomados de los Leccionarios I, II y III, propiedad de la Comisi\u00f3n Episcopal de Pastoral Lit\u00fargica de la Conferencia Episcopal Mexicana, copyright \u00a9 1987, quinta edici\u00f3n de septiembre de 2004. Utilizados con permiso. Todos los derechos reservados. Su parroquia podr\u00eda usar un texto diferente<\/li>\n<\/ul>\n\n\n\n<ul class=\"wp-block-list\">\n<li><a href=\"mailto:?subject=Palabra%20del%20d%C3%ADa&amp;body=...%20Leer%20todo:%20https:\/\/www.vaticannews.va\/es\/evangelio-de-hoy\/2024\/12\/18.html\">Enviar<\/a><\/li>\n\n\n\n<li><a href=\"https:\/\/www.vaticannews.va\/es\/evangelio-de-hoy\/2024\/12\/18.print.html\">Imprimir<\/a><\/li>\n\n\n\n<li><a href=\"https:\/\/www.vaticannews.va\/es\/evangelio-de-hoy.rss.xml\" target=\"_blank\" rel=\"noreferrer noopener\"><\/a><\/li>\n\n\n\n<li><\/li>\n<\/ul>\n\n\n\n<figure class=\"wp-block-image\"><img decoding=\"async\" src=\"https:\/\/www.vaticannews.va\/service\/livestreaming\/2024\/12\/18\/special--e35261b4-5b85-4d09-925d-51d99b1ee28e\/thumbnail.jpeg\" alt=\"Angelus prayer and Holy Rosary\"\/><\/figure>\n\n\n\n<p>18-12-2024 05:00<\/p>\n\n\n\n<h2 class=\"wp-block-heading\">Angelus prayer and Holy Rosary<\/h2>\n\n\n\n<p>From the Holy House in Loreto, recitation of the Angelus prayer and Rosary<\/p>\n\n\n\n<p><a href=\"https:\/\/www.vaticannews.va\/es\/santos.html\"><\/a><\/p>\n\n\n\n<figure class=\"wp-block-image\"><a href=\"https:\/\/www.vaticannews.va\/es\/santos.html\"><img decoding=\"async\" src=\"https:\/\/www.vaticannews.va\/etc\/designs\/vatican-news\/release\/library\/main\/images\/shoulder_banners\/spalla-santi.jpg\" alt=\"Santo del d\u00eda\" title=\"Santo del d\u00eda\"\/><\/a><\/figure>\n\n\n\n<p><a href=\"https:\/\/www.vaticannews.va\/es\/santos.html\">Santo del d\u00eda<\/a><a href=\"https:\/\/www.vaticannews.va\/es\/oraciones.html\">Oraciones<\/a><a href=\"https:\/\/www.vaticannews.va\/es\/fiestas-liturgicas.html\">Fiestas Lit\u00fargicas<\/a><a href=\"https:\/\/www.vaticannews.va\/es\/papa-francisco\/misa-santa-marta.pagelist.html\">Misa en Santa Marta<\/a><a href=\"https:\/\/www.vaticannews.va\/es\/inscripcion-boletin-de-noticias.html\">Inscr\u00edbete en el Bolet\u00ednPara recibir las \u00faltimas noticias<\/a><a href=\"https:\/\/www.comunicazione.va\/en\/sostienici\/es.html\" target=\"_blank\" rel=\"noreferrer noopener\"><\/a><\/p>\n","protected":false},"excerpt":{"rendered":"<p>Mt 1, 18-24 Cristo vino al mundo de la siguiente manera: Estando Mar\u00eda, su madre, desposada con Jos\u00e9, y antes de que vivieran juntos, sucedi\u00f3 que ella, por obra del Esp\u00edritu Santo, estaba esperando un hijo. Jos\u00e9, su esposo, que era hombre justo, no queriendo ponerla en evidencia, pens\u00f3 dejarla en secreto. Mientras pensaba en [&hellip;]<\/p>\n","protected":false},"author":2,"featured_media":0,"comment_status":"closed","ping_status":"closed","sticky":false,"template":"","format":"standard","meta":{"footnotes":""},"categories":[165],"tags":[],"class_list":["post-11693","post","type-post","status-publish","format-standard","hentry","category-evangelio-de-hoy"],"_links":{"self":[{"href":"https:\/\/www.archivosfutmex.com\/wordpress\/wp-json\/wp\/v2\/posts\/11693","targetHints":{"allow":["GET"]}}],"collection":[{"href":"https:\/\/www.archivosfutmex.com\/wordpress\/wp-json\/wp\/v2\/posts"}],"about":[{"href":"https:\/\/www.archivosfutmex.com\/wordpress\/wp-json\/wp\/v2\/types\/post"}],"author":[{"embeddable":true,"href":"https:\/\/www.archivosfutmex.com\/wordpress\/wp-json\/wp\/v2\/users\/2"}],"replies":[{"embeddable":true,"href":"https:\/\/www.archivosfutmex.com\/wordpress\/wp-json\/wp\/v2\/comments?post=11693"}],"version-history":[{"count":0,"href":"https:\/\/www.archivosfutmex.com\/wordpress\/wp-json\/wp\/v2\/posts\/11693\/revisions"}],"wp:attachment":[{"href":"https:\/\/www.archivosfutmex.com\/wordpress\/wp-json\/wp\/v2\/media?parent=11693"}],"wp:term":[{"taxonomy":"category","embeddable":true,"href":"https:\/\/www.archivosfutmex.com\/wordpress\/wp-json\/wp\/v2\/categories?post=11693"},{"taxonomy":"post_tag","embeddable":true,"href":"https:\/\/www.archivosfutmex.com\/wordpress\/wp-json\/wp\/v2\/tags?post=11693"}],"curies":[{"name":"wp","href":"https:\/\/api.w.org\/{rel}","templated":true}]}}