{"id":1172,"date":"2015-03-06T21:02:54","date_gmt":"2015-03-07T03:02:54","guid":{"rendered":"http:\/\/www.archivosfutmex.com\/wordpress\/?p=1172"},"modified":"2015-03-06T21:02:54","modified_gmt":"2015-03-07T03:02:54","slug":"pachuca-america-primer-partido-en-su-historia-temporada-1967-68-archivosfutmex-com","status":"publish","type":"post","link":"https:\/\/www.archivosfutmex.com\/wordpress\/archivos\/1172","title":{"rendered":"PACHUCA &#8211; AM\u00c9RICA : Primer Partido en su Historia, Temporada 1967 &#8211; 68..Archivosfutmex.com"},"content":{"rendered":"<p>AM\u00c9RICA \u2013 PACHUCA ( Primer Partido en su Historia)<\/p>\n<p>&nbsp;<\/p>\n<p>TEMPORADA 1967 \u2013 68<\/p>\n<p>Domingo 13 de Agosto de 1967\u00a0\u00a0\u00a0\u00a0\u00a0 Estadio Revoluci\u00f3n<\/p>\n<p>Pachuca \u2013 1\u00a0\u00a0\u00a0\u00a0\u00a0\u00a0\u00a0\u00a0\u00a0\u00a0\u00a0\u00a0\u00a0\u00a0\u00a0\u00a0\u00a0\u00a0\u00a0\u00a0\u00a0\u00a0\u00a0\u00a0\u00a0\u00a0\u00a0 Am\u00e9rica \u2013 1<\/p>\n<p>Moacyr do Santos\u00a0\u00a0\u00a0\u00a0\u00a0\u00a0\u00a0\u00a0\u00a0\u00a0\u00a0\u00a0\u00a0\u00a0\u00a0\u00a0\u00a0\u00a0\u00a0\u00a0\u00a0\u00a0\u00a0\u00a0\u00a0\u00a0 \u201c Zague \u201c<\/p>\n<p>&nbsp;<\/p>\n<p>Expulsados : Ramiro Navarro ( Am\u00e9rica)<\/p>\n<p>Pedro N\u00e1jera ( Am\u00e9rica) ( Entrenador )<\/p>\n<p>&nbsp;<\/p>\n<p>Pachuca : Pablo Guerrero : Ceballos , Francisco Ulibarri , Heriberto Lizaola ;<\/p>\n<p>Narro ; Jos\u00e9 Luis Ram\u00edrez , \u201c Nene\u201d Pi\u00f1a , Jorge \u201c Tepo\u201d Rodr\u00edguez ,<\/p>\n<p>Luis Juracy ( Armando Cuervo ) , Moacyr \u00a0dos Santos , Baeza :<\/p>\n<p>&nbsp;<\/p>\n<p>Am\u00e9rica : Jorge Iniestra : Javier \u00a0\u201cTitino\u201d Mart\u00ednez , Gilberto Vega ,<\/p>\n<p>Gabriel Nu\u00f1ez , Mart\u00edn Ibarreche , Alfredo del \u00c1guila ,<\/p>\n<p>V\u00edctor Mendoza\u00a0 ( Mario Ayala )Ramiro Navarro , Javier Fragoso , \u201c Zague \u201c ,<\/p>\n<p>Alfonso Sabater ( \u201c Vav\u00e1 )<\/p>\n<p>&nbsp;<\/p>\n<p>\u00c1RBITRO : Jacobo Vela<\/p>\n<p>&nbsp;<\/p>\n<p>Archivosfutmex.com<\/p>\n<p>FACEBOOK : GUILLERMO GLORIA FONSECA<\/p>\n<p>&nbsp;<\/p>\n<p>&nbsp;<\/p>\n","protected":false},"excerpt":{"rendered":"<p>AM\u00c9RICA \u2013 PACHUCA ( Primer Partido en su Historia) &nbsp; TEMPORADA 1967 \u2013 68 Domingo 13 de Agosto de 1967\u00a0\u00a0\u00a0\u00a0\u00a0 Estadio Revoluci\u00f3n Pachuca \u2013 1\u00a0\u00a0\u00a0\u00a0\u00a0\u00a0\u00a0\u00a0\u00a0\u00a0\u00a0\u00a0\u00a0\u00a0\u00a0\u00a0\u00a0\u00a0\u00a0\u00a0\u00a0\u00a0\u00a0\u00a0\u00a0\u00a0\u00a0 Am\u00e9rica \u2013 1 Moacyr do Santos\u00a0\u00a0\u00a0\u00a0\u00a0\u00a0\u00a0\u00a0\u00a0\u00a0\u00a0\u00a0\u00a0\u00a0\u00a0\u00a0\u00a0\u00a0\u00a0\u00a0\u00a0\u00a0\u00a0\u00a0\u00a0\u00a0 \u201c Zague \u201c &nbsp; Expulsados : Ramiro Navarro ( Am\u00e9rica) Pedro N\u00e1jera ( Am\u00e9rica) ( Entrenador ) &nbsp; Pachuca : Pablo Guerrero : Ceballos [&hellip;]<\/p>\n","protected":false},"author":2,"featured_media":0,"comment_status":"closed","ping_status":"closed","sticky":false,"template":"","format":"standard","meta":{"footnotes":""},"categories":[81],"tags":[],"class_list":["post-1172","post","type-post","status-publish","format-standard","hentry","category-tuzos-del-pachuca"],"_links":{"self":[{"href":"https:\/\/www.archivosfutmex.com\/wordpress\/wp-json\/wp\/v2\/posts\/1172","targetHints":{"allow":["GET"]}}],"collection":[{"href":"https:\/\/www.archivosfutmex.com\/wordpress\/wp-json\/wp\/v2\/posts"}],"about":[{"href":"https:\/\/www.archivosfutmex.com\/wordpress\/wp-json\/wp\/v2\/types\/post"}],"author":[{"embeddable":true,"href":"https:\/\/www.archivosfutmex.com\/wordpress\/wp-json\/wp\/v2\/users\/2"}],"replies":[{"embeddable":true,"href":"https:\/\/www.archivosfutmex.com\/wordpress\/wp-json\/wp\/v2\/comments?post=1172"}],"version-history":[{"count":0,"href":"https:\/\/www.archivosfutmex.com\/wordpress\/wp-json\/wp\/v2\/posts\/1172\/revisions"}],"wp:attachment":[{"href":"https:\/\/www.archivosfutmex.com\/wordpress\/wp-json\/wp\/v2\/media?parent=1172"}],"wp:term":[{"taxonomy":"category","embeddable":true,"href":"https:\/\/www.archivosfutmex.com\/wordpress\/wp-json\/wp\/v2\/categories?post=1172"},{"taxonomy":"post_tag","embeddable":true,"href":"https:\/\/www.archivosfutmex.com\/wordpress\/wp-json\/wp\/v2\/tags?post=1172"}],"curies":[{"name":"wp","href":"https:\/\/api.w.org\/{rel}","templated":true}]}}