{"id":11743,"date":"2024-12-22T15:42:33","date_gmt":"2024-12-22T21:42:33","guid":{"rendered":"https:\/\/www.archivosfutmex.com\/wordpress\/?p=11743"},"modified":"2024-12-22T15:42:33","modified_gmt":"2024-12-22T21:42:33","slug":"primera-lectura-de-hoy-domingo-22-diciembre-2024-lectura-del-profeta-miqueas-miq-5-1-4a","status":"publish","type":"post","link":"https:\/\/www.archivosfutmex.com\/wordpress\/archivos\/11743","title":{"rendered":"Primera Lectura de Hoy Domingo 22 Diciembre 2024. Lectura del Profeta Miqueas Miq 5, 1-4a"},"content":{"rendered":"\n<p>Miq 5, 1-4a<\/p>\n\n\n\n<p>Esto dice el Se\u00f1or:<br>\u201cDe ti, Bel\u00e9n de Efrata,<br>peque\u00f1a entre las aldeas de Jud\u00e1,<br>de ti saldr\u00e1 el jefe de Israel,<br>cuyos or\u00edgenes se remontan a tiempos pasados,<br>a los d\u00edas m\u00e1s antiguos.<\/p>\n\n\n\n<p>Por eso, el Se\u00f1or abandonar\u00e1 a Israel,<br>mientras no d\u00e9 a luz la que ha de dar a luz.<br>Entonces el resto de sus hermanos<br>se unir\u00e1 a los hijos de Israel.<br>\u00c9l se levantar\u00e1 para pastorear a su pueblo<br>con la fuerza y la majestad del Se\u00f1or, su Dios.<br>Ellos habitar\u00e1n tranquilos,<br>porque la grandeza del que ha de nacer llenar\u00e1 la tierra<br>y \u00e9l mismo ser\u00e1 la paz\u2019\u2019.<\/p>\n","protected":false},"excerpt":{"rendered":"<p>Miq 5, 1-4a Esto dice el Se\u00f1or:\u201cDe ti, Bel\u00e9n de Efrata,peque\u00f1a entre las aldeas de Jud\u00e1,de ti saldr\u00e1 el jefe de Israel,cuyos or\u00edgenes se remontan a tiempos pasados,a los d\u00edas m\u00e1s antiguos. Por eso, el Se\u00f1or abandonar\u00e1 a Israel,mientras no d\u00e9 a luz la que ha de dar a luz.Entonces el resto de sus hermanosse [&hellip;]<\/p>\n","protected":false},"author":2,"featured_media":0,"comment_status":"closed","ping_status":"closed","sticky":false,"template":"","format":"standard","meta":{"footnotes":""},"categories":[205],"tags":[],"class_list":["post-11743","post","type-post","status-publish","format-standard","hentry","category-primera-lectura"],"_links":{"self":[{"href":"https:\/\/www.archivosfutmex.com\/wordpress\/wp-json\/wp\/v2\/posts\/11743","targetHints":{"allow":["GET"]}}],"collection":[{"href":"https:\/\/www.archivosfutmex.com\/wordpress\/wp-json\/wp\/v2\/posts"}],"about":[{"href":"https:\/\/www.archivosfutmex.com\/wordpress\/wp-json\/wp\/v2\/types\/post"}],"author":[{"embeddable":true,"href":"https:\/\/www.archivosfutmex.com\/wordpress\/wp-json\/wp\/v2\/users\/2"}],"replies":[{"embeddable":true,"href":"https:\/\/www.archivosfutmex.com\/wordpress\/wp-json\/wp\/v2\/comments?post=11743"}],"version-history":[{"count":0,"href":"https:\/\/www.archivosfutmex.com\/wordpress\/wp-json\/wp\/v2\/posts\/11743\/revisions"}],"wp:attachment":[{"href":"https:\/\/www.archivosfutmex.com\/wordpress\/wp-json\/wp\/v2\/media?parent=11743"}],"wp:term":[{"taxonomy":"category","embeddable":true,"href":"https:\/\/www.archivosfutmex.com\/wordpress\/wp-json\/wp\/v2\/categories?post=11743"},{"taxonomy":"post_tag","embeddable":true,"href":"https:\/\/www.archivosfutmex.com\/wordpress\/wp-json\/wp\/v2\/tags?post=11743"}],"curies":[{"name":"wp","href":"https:\/\/api.w.org\/{rel}","templated":true}]}}