{"id":11747,"date":"2024-12-22T15:50:00","date_gmt":"2024-12-22T21:50:00","guid":{"rendered":"https:\/\/www.archivosfutmex.com\/wordpress\/?p=11747"},"modified":"2024-12-22T15:50:00","modified_gmt":"2024-12-22T21:50:00","slug":"el-santo-evangelio-de-hoy-domingo-22-del-evangelio-de-san-lucas-lc-1-39-45","status":"publish","type":"post","link":"https:\/\/www.archivosfutmex.com\/wordpress\/archivos\/11747","title":{"rendered":"El Santo Evangelio de Hoy Domingo 22, Del Evangelio de San Lucas Lc 1, 39- 45"},"content":{"rendered":"\n<p>En aquellos d\u00edas, Mar\u00eda se encamin\u00f3 presurosa a un pueblo de las monta\u00f1as de Judea y, entrando en la casa de Zacar\u00edas, salud\u00f3 a Isabel. En cuanto \u00e9sta oy\u00f3 el saludo de Mar\u00eda, la creatura salt\u00f3 en su seno.<\/p>\n\n\n\n<p>Entonces Isabel qued\u00f3 llena del Esp\u00edritu Santo y, levantando la voz, exclam\u00f3: \u201c\u00a1Bendita t\u00fa entre las mujeres y bendito el fruto de tu vientre! \u00bfQui\u00e9n soy yo, para que la madre de mi Se\u00f1or venga a verme? Apenas lleg\u00f3 tu saludo a mis o\u00eddos, el ni\u00f1o salt\u00f3 de gozo en mi seno. Dichosa t\u00fa, que has cre\u00eddo, porque se cumplir\u00e1 cuanto te fue anunciado de parte del Se\u00f1or\u201d.<\/p>\n","protected":false},"excerpt":{"rendered":"<p>En aquellos d\u00edas, Mar\u00eda se encamin\u00f3 presurosa a un pueblo de las monta\u00f1as de Judea y, entrando en la casa de Zacar\u00edas, salud\u00f3 a Isabel. En cuanto \u00e9sta oy\u00f3 el saludo de Mar\u00eda, la creatura salt\u00f3 en su seno. Entonces Isabel qued\u00f3 llena del Esp\u00edritu Santo y, levantando la voz, exclam\u00f3: \u201c\u00a1Bendita t\u00fa entre las [&hellip;]<\/p>\n","protected":false},"author":2,"featured_media":0,"comment_status":"closed","ping_status":"closed","sticky":false,"template":"","format":"standard","meta":{"footnotes":""},"categories":[165],"tags":[],"class_list":["post-11747","post","type-post","status-publish","format-standard","hentry","category-evangelio-de-hoy"],"_links":{"self":[{"href":"https:\/\/www.archivosfutmex.com\/wordpress\/wp-json\/wp\/v2\/posts\/11747","targetHints":{"allow":["GET"]}}],"collection":[{"href":"https:\/\/www.archivosfutmex.com\/wordpress\/wp-json\/wp\/v2\/posts"}],"about":[{"href":"https:\/\/www.archivosfutmex.com\/wordpress\/wp-json\/wp\/v2\/types\/post"}],"author":[{"embeddable":true,"href":"https:\/\/www.archivosfutmex.com\/wordpress\/wp-json\/wp\/v2\/users\/2"}],"replies":[{"embeddable":true,"href":"https:\/\/www.archivosfutmex.com\/wordpress\/wp-json\/wp\/v2\/comments?post=11747"}],"version-history":[{"count":0,"href":"https:\/\/www.archivosfutmex.com\/wordpress\/wp-json\/wp\/v2\/posts\/11747\/revisions"}],"wp:attachment":[{"href":"https:\/\/www.archivosfutmex.com\/wordpress\/wp-json\/wp\/v2\/media?parent=11747"}],"wp:term":[{"taxonomy":"category","embeddable":true,"href":"https:\/\/www.archivosfutmex.com\/wordpress\/wp-json\/wp\/v2\/categories?post=11747"},{"taxonomy":"post_tag","embeddable":true,"href":"https:\/\/www.archivosfutmex.com\/wordpress\/wp-json\/wp\/v2\/tags?post=11747"}],"curies":[{"name":"wp","href":"https:\/\/api.w.org\/{rel}","templated":true}]}}