{"id":11749,"date":"2024-12-22T15:51:49","date_gmt":"2024-12-22T21:51:49","guid":{"rendered":"https:\/\/www.archivosfutmex.com\/wordpress\/?p=11749"},"modified":"2024-12-22T15:51:53","modified_gmt":"2024-12-22T21:51:53","slug":"palabras-del-santo-padre-116","status":"publish","type":"post","link":"https:\/\/www.archivosfutmex.com\/wordpress\/archivos\/11749","title":{"rendered":"PALABRAS DEL SANTO PADRE"},"content":{"rendered":"\n<p>En el \u00faltimo tramo del camino del Adviento dej\u00e9monos guiar por estos dos verbos.\u00a0<em>Levantarse<\/em>\u00a0y\u00a0<em>caminar con prontitud<\/em>: son los dos movimientos que Mar\u00eda hizo y que nos invita tambi\u00e9n a nosotros a hacer en vista de la Navidad. En primer lugar,\u00a0<em>alzarse<\/em>. Despu\u00e9s del anuncio del \u00e1ngel, para la Virgen se perfilaba un periodo dif\u00edcil: su embarazo inesperado la expon\u00eda a incomprensiones y tambi\u00e9n a penas severas, incluso a la lapidaci\u00f3n, en la cultura de aquella \u00e9poca. \u00a1Imaginemos cu\u00e1ntos pensamientos y turbaciones ten\u00eda! Sin embargo, no se desanima, no se desespera, sino que\u00a0<em>se levanta<\/em>. No mira hacia abajo, hacia los problemas, sino a lo alto, hacia Dios. Y no piensa a qui\u00e9n pedir ayuda, sino a qui\u00e9n ayudar. Siempre piensa en los dem\u00e1s: as\u00ed es Mar\u00eda, pensando siempre en las necesidades de los dem\u00e1s. (\u2026) El segundo movimiento es\u00a0<em>caminar con prontitud<\/em>. (\u2026) Yendo hacia la casa de Isabel, Mar\u00eda procede con el paso r\u00e1pido de quien tiene el coraz\u00f3n y la vida llenos de Dios, llenos de su alegr\u00eda. (\u2026) No nos olvidemos de que el primer acto de caridad que podemos hacer al pr\u00f3jimo es ofrecerle un rostro sereno y sonriente. Es llevarles la alegr\u00eda de Jes\u00fas, como hizo Mar\u00eda con Isabel. \u00a1La Madre de Dios nos tome de la mano, nos ayude a\u00a0<em>levantarnos<\/em>\u00a0y\u00a0<em>caminar con prontitud<\/em>\u00a0hacia la Navidad! (\u00c1ngelus, 19 de diciembre de 2021)<\/p>\n","protected":false},"excerpt":{"rendered":"<p>En el \u00faltimo tramo del camino del Adviento dej\u00e9monos guiar por estos dos verbos.\u00a0Levantarse\u00a0y\u00a0caminar con prontitud: son los dos movimientos que Mar\u00eda hizo y que nos invita tambi\u00e9n a nosotros a hacer en vista de la Navidad. En primer lugar,\u00a0alzarse. Despu\u00e9s del anuncio del \u00e1ngel, para la Virgen se perfilaba un periodo dif\u00edcil: su embarazo [&hellip;]<\/p>\n","protected":false},"author":2,"featured_media":0,"comment_status":"closed","ping_status":"closed","sticky":false,"template":"","format":"standard","meta":{"footnotes":""},"categories":[229],"tags":[],"class_list":["post-11749","post","type-post","status-publish","format-standard","hentry","category-palabras-del-santo-padre"],"_links":{"self":[{"href":"https:\/\/www.archivosfutmex.com\/wordpress\/wp-json\/wp\/v2\/posts\/11749","targetHints":{"allow":["GET"]}}],"collection":[{"href":"https:\/\/www.archivosfutmex.com\/wordpress\/wp-json\/wp\/v2\/posts"}],"about":[{"href":"https:\/\/www.archivosfutmex.com\/wordpress\/wp-json\/wp\/v2\/types\/post"}],"author":[{"embeddable":true,"href":"https:\/\/www.archivosfutmex.com\/wordpress\/wp-json\/wp\/v2\/users\/2"}],"replies":[{"embeddable":true,"href":"https:\/\/www.archivosfutmex.com\/wordpress\/wp-json\/wp\/v2\/comments?post=11749"}],"version-history":[{"count":0,"href":"https:\/\/www.archivosfutmex.com\/wordpress\/wp-json\/wp\/v2\/posts\/11749\/revisions"}],"wp:attachment":[{"href":"https:\/\/www.archivosfutmex.com\/wordpress\/wp-json\/wp\/v2\/media?parent=11749"}],"wp:term":[{"taxonomy":"category","embeddable":true,"href":"https:\/\/www.archivosfutmex.com\/wordpress\/wp-json\/wp\/v2\/categories?post=11749"},{"taxonomy":"post_tag","embeddable":true,"href":"https:\/\/www.archivosfutmex.com\/wordpress\/wp-json\/wp\/v2\/tags?post=11749"}],"curies":[{"name":"wp","href":"https:\/\/api.w.org\/{rel}","templated":true}]}}