{"id":11753,"date":"2024-12-23T07:04:19","date_gmt":"2024-12-23T13:04:19","guid":{"rendered":"https:\/\/www.archivosfutmex.com\/wordpress\/?p=11753"},"modified":"2024-12-23T07:04:19","modified_gmt":"2024-12-23T13:04:19","slug":"el-santo-evangelio-de-hoy-miercoles-23-del-evangelio-segun-san-lucas-lc-1-57-66","status":"publish","type":"post","link":"https:\/\/www.archivosfutmex.com\/wordpress\/archivos\/11753","title":{"rendered":"El Santo Evangelio de Hoy Mi\u00e9rcoles 23, Del Evangelio seg\u00fan San Lucas Lc 1, 57- 66"},"content":{"rendered":"\n<p>Por aquellos d\u00edas, le lleg\u00f3 a Isabel la hora de dar a luz y tuvo un hijo. Cuando sus vecinos y parientes se enteraron de que el Se\u00f1or le hab\u00eda manifestado tan grande misericordia, se regocijaron con ella.<\/p>\n\n\n\n<p>A los ocho d\u00edas fueron a circuncidar al ni\u00f1o y le quer\u00edan poner Zacar\u00edas, como su padre; pero la madre se opuso, dici\u00e9ndoles: \u00abNo. Su nombre ser\u00e1 Juan\u00bb. Ellos le dec\u00edan: \u00abPero si ninguno de tus parientes se llama as\u00ed\u00bb.<\/p>\n\n\n\n<p>Entonces le preguntaron por se\u00f1as al padre c\u00f3mo quer\u00eda que se llamara el ni\u00f1o. \u00c9l pidi\u00f3 una tablilla y escribi\u00f3: \u00abJuan es su nombre\u00bb. Todos se quedaron extra\u00f1ados. En ese momento a Zacar\u00edas se le solt\u00f3 la lengua, recobr\u00f3 el habla y empez\u00f3 a bendecir a Dios.<\/p>\n\n\n\n<p>Un sentimiento de temor se apoder\u00f3 de los vecinos, y en toda la regi\u00f3n monta\u00f1osa de Judea se comentaba este suceso. Cuantos se enteraban de ello se preguntaban impresionados: \u00ab\u00bfQu\u00e9 va a ser de este ni\u00f1o?\u00bb Esto lo dec\u00edan, porque realmente la mano de Dios estaba con \u00e9l.<\/p>\n","protected":false},"excerpt":{"rendered":"<p>Por aquellos d\u00edas, le lleg\u00f3 a Isabel la hora de dar a luz y tuvo un hijo. Cuando sus vecinos y parientes se enteraron de que el Se\u00f1or le hab\u00eda manifestado tan grande misericordia, se regocijaron con ella. A los ocho d\u00edas fueron a circuncidar al ni\u00f1o y le quer\u00edan poner Zacar\u00edas, como su padre; [&hellip;]<\/p>\n","protected":false},"author":2,"featured_media":0,"comment_status":"closed","ping_status":"closed","sticky":false,"template":"","format":"standard","meta":{"footnotes":""},"categories":[165],"tags":[],"class_list":["post-11753","post","type-post","status-publish","format-standard","hentry","category-evangelio-de-hoy"],"_links":{"self":[{"href":"https:\/\/www.archivosfutmex.com\/wordpress\/wp-json\/wp\/v2\/posts\/11753","targetHints":{"allow":["GET"]}}],"collection":[{"href":"https:\/\/www.archivosfutmex.com\/wordpress\/wp-json\/wp\/v2\/posts"}],"about":[{"href":"https:\/\/www.archivosfutmex.com\/wordpress\/wp-json\/wp\/v2\/types\/post"}],"author":[{"embeddable":true,"href":"https:\/\/www.archivosfutmex.com\/wordpress\/wp-json\/wp\/v2\/users\/2"}],"replies":[{"embeddable":true,"href":"https:\/\/www.archivosfutmex.com\/wordpress\/wp-json\/wp\/v2\/comments?post=11753"}],"version-history":[{"count":0,"href":"https:\/\/www.archivosfutmex.com\/wordpress\/wp-json\/wp\/v2\/posts\/11753\/revisions"}],"wp:attachment":[{"href":"https:\/\/www.archivosfutmex.com\/wordpress\/wp-json\/wp\/v2\/media?parent=11753"}],"wp:term":[{"taxonomy":"category","embeddable":true,"href":"https:\/\/www.archivosfutmex.com\/wordpress\/wp-json\/wp\/v2\/categories?post=11753"},{"taxonomy":"post_tag","embeddable":true,"href":"https:\/\/www.archivosfutmex.com\/wordpress\/wp-json\/wp\/v2\/tags?post=11753"}],"curies":[{"name":"wp","href":"https:\/\/api.w.org\/{rel}","templated":true}]}}