{"id":11759,"date":"2024-12-24T21:37:20","date_gmt":"2024-12-25T03:37:20","guid":{"rendered":"https:\/\/www.archivosfutmex.com\/wordpress\/?p=11759"},"modified":"2024-12-24T21:37:20","modified_gmt":"2024-12-25T03:37:20","slug":"oracion-colectiva-para-hoy-manana-25-diciembre-2025","status":"publish","type":"post","link":"https:\/\/www.archivosfutmex.com\/wordpress\/archivos\/11759","title":{"rendered":"ORACI\u00d3N COLECTIVA Para Hoy (Ma\u00f1ana) 25 Diciembre 2025,"},"content":{"rendered":"\n<p>Se\u00f1or Dios , que cada a\u00f1o nos alegras con la esperanza de nuestra redenci\u00f3n , conc\u00e9denos que a tu mismo Hijo unig\u00e9nito , a quien acogemos llenos de gozo como Redentor , merezcamos tambi\u00e9n acogerlo llenos de confianza , cuando venga como Juez. \u00c9l, que vive y reina contigo\u2026\u2026..<\/p>\n","protected":false},"excerpt":{"rendered":"<p>Se\u00f1or Dios , que cada a\u00f1o nos alegras con la esperanza de nuestra redenci\u00f3n , conc\u00e9denos que a tu mismo Hijo unig\u00e9nito , a quien acogemos llenos de gozo como Redentor , merezcamos tambi\u00e9n acogerlo llenos de confianza , cuando venga como Juez. \u00c9l, que vive y reina contigo\u2026\u2026..<\/p>\n","protected":false},"author":2,"featured_media":0,"comment_status":"closed","ping_status":"closed","sticky":false,"template":"","format":"standard","meta":{"footnotes":""},"categories":[185],"tags":[],"class_list":["post-11759","post","type-post","status-publish","format-standard","hentry","category-oracion-colecta"],"_links":{"self":[{"href":"https:\/\/www.archivosfutmex.com\/wordpress\/wp-json\/wp\/v2\/posts\/11759","targetHints":{"allow":["GET"]}}],"collection":[{"href":"https:\/\/www.archivosfutmex.com\/wordpress\/wp-json\/wp\/v2\/posts"}],"about":[{"href":"https:\/\/www.archivosfutmex.com\/wordpress\/wp-json\/wp\/v2\/types\/post"}],"author":[{"embeddable":true,"href":"https:\/\/www.archivosfutmex.com\/wordpress\/wp-json\/wp\/v2\/users\/2"}],"replies":[{"embeddable":true,"href":"https:\/\/www.archivosfutmex.com\/wordpress\/wp-json\/wp\/v2\/comments?post=11759"}],"version-history":[{"count":0,"href":"https:\/\/www.archivosfutmex.com\/wordpress\/wp-json\/wp\/v2\/posts\/11759\/revisions"}],"wp:attachment":[{"href":"https:\/\/www.archivosfutmex.com\/wordpress\/wp-json\/wp\/v2\/media?parent=11759"}],"wp:term":[{"taxonomy":"category","embeddable":true,"href":"https:\/\/www.archivosfutmex.com\/wordpress\/wp-json\/wp\/v2\/categories?post=11759"},{"taxonomy":"post_tag","embeddable":true,"href":"https:\/\/www.archivosfutmex.com\/wordpress\/wp-json\/wp\/v2\/tags?post=11759"}],"curies":[{"name":"wp","href":"https:\/\/api.w.org\/{rel}","templated":true}]}}