{"id":12054,"date":"2025-01-12T07:24:31","date_gmt":"2025-01-12T13:24:31","guid":{"rendered":"http:\/\/www.archivosfutmex.com\/wordpress\/?p=12054"},"modified":"2025-01-12T07:24:31","modified_gmt":"2025-01-12T13:24:31","slug":"segunda-lectura-de-hoy-domingo-12-enero-de-los-hechos-de-los-apostoles-hc-10-34-38","status":"publish","type":"post","link":"https:\/\/www.archivosfutmex.com\/wordpress\/archivos\/12054","title":{"rendered":"Segunda Lectura de Hoy Domingo 12 Enero, De los Hechos de los Ap\u00f3stoles Hc 10, 34- 38"},"content":{"rendered":"\n<p>En aquellos d\u00edas, Pedro se dirigi\u00f3 a Cornelio y a los que estaban en su casa, con estas palabras: \u201cAhora caigo en la cuenta de que Dios no hace distinci\u00f3n de personas, sino que acepta al que lo teme y practica la justicia, sea de la naci\u00f3n que fuere. \u00c9l envi\u00f3 su palabra a los hijos de Israel, para anunciarles la paz por medio de Jesucristo, Se\u00f1or de todos.<\/p>\n\n\n\n<p>Ya saben ustedes lo sucedido en toda Judea, que tuvo principio en Galilea, despu\u00e9s del bautismo predicado por Juan: c\u00f3mo Dios ungi\u00f3 con el poder del Esp\u00edritu Santo a Jes\u00fas de Nazaret, y c\u00f3mo \u00e9ste pas\u00f3 haciendo el bien, sanando a todos los oprimidos por el diablo, porque Dios estaba con \u00e9l\u201d.<\/p>\n","protected":false},"excerpt":{"rendered":"<p>En aquellos d\u00edas, Pedro se dirigi\u00f3 a Cornelio y a los que estaban en su casa, con estas palabras: \u201cAhora caigo en la cuenta de que Dios no hace distinci\u00f3n de personas, sino que acepta al que lo teme y practica la justicia, sea de la naci\u00f3n que fuere. \u00c9l envi\u00f3 su palabra a los [&hellip;]<\/p>\n","protected":false},"author":2,"featured_media":0,"comment_status":"closed","ping_status":"closed","sticky":false,"template":"","format":"standard","meta":{"footnotes":""},"categories":[237],"tags":[],"class_list":["post-12054","post","type-post","status-publish","format-standard","hentry","category-segunda-lectura"],"_links":{"self":[{"href":"https:\/\/www.archivosfutmex.com\/wordpress\/wp-json\/wp\/v2\/posts\/12054","targetHints":{"allow":["GET"]}}],"collection":[{"href":"https:\/\/www.archivosfutmex.com\/wordpress\/wp-json\/wp\/v2\/posts"}],"about":[{"href":"https:\/\/www.archivosfutmex.com\/wordpress\/wp-json\/wp\/v2\/types\/post"}],"author":[{"embeddable":true,"href":"https:\/\/www.archivosfutmex.com\/wordpress\/wp-json\/wp\/v2\/users\/2"}],"replies":[{"embeddable":true,"href":"https:\/\/www.archivosfutmex.com\/wordpress\/wp-json\/wp\/v2\/comments?post=12054"}],"version-history":[{"count":0,"href":"https:\/\/www.archivosfutmex.com\/wordpress\/wp-json\/wp\/v2\/posts\/12054\/revisions"}],"wp:attachment":[{"href":"https:\/\/www.archivosfutmex.com\/wordpress\/wp-json\/wp\/v2\/media?parent=12054"}],"wp:term":[{"taxonomy":"category","embeddable":true,"href":"https:\/\/www.archivosfutmex.com\/wordpress\/wp-json\/wp\/v2\/categories?post=12054"},{"taxonomy":"post_tag","embeddable":true,"href":"https:\/\/www.archivosfutmex.com\/wordpress\/wp-json\/wp\/v2\/tags?post=12054"}],"curies":[{"name":"wp","href":"https:\/\/api.w.org\/{rel}","templated":true}]}}