{"id":12056,"date":"2025-01-12T07:32:22","date_gmt":"2025-01-12T13:32:22","guid":{"rendered":"http:\/\/www.archivosfutmex.com\/wordpress\/?p=12056"},"modified":"2025-01-12T07:32:23","modified_gmt":"2025-01-12T13:32:23","slug":"palabras-del-santo-padre-132","status":"publish","type":"post","link":"https:\/\/www.archivosfutmex.com\/wordpress\/archivos\/12056","title":{"rendered":"PALABRAS DEL SANTO PADRE"},"content":{"rendered":"\n<p>Yo os pregunto a todos vosotros, cada uno que lo piense: \u00bfrecuerdas la fecha de tu bautismo? Si no la recuerdas, cuando regreses a casa preg\u00fantala para no olvidarla nunca, porque es un nuevo cumplea\u00f1os, porque con tu bautismo naciste a la vida de la gracia. Demos gracias al Se\u00f1or por el bautismo. D\u00e9mosle gracias tambi\u00e9n por nuestros padres, que nos llevaron a la pila bautismal, por quien nos administr\u00f3 el sacramento, por el padrino, por la madrina, por la comunidad en la que lo recibimos. Festejar el propio bautismo: es un nuevo cumplea\u00f1os. Y podemos preguntarnos: \u00bfsoy consciente del inmenso don que llevo en m\u00ed por el bautismo? \u00bfReconozco en mi vida la luz de la presencia de Dios, que me ve como su hijo amado, como su hija amada? Y ahora, en memoria de nuestro bautismo, acojamos la presencia de Dios en nuestro interior. Podemos hacerlo con la se\u00f1al de la cruz, que traza en nosotros el recuerdo de la gracia de Dios, que nos ama y desea estar con nosotros. La se\u00f1al de la cruz nos recuerda esto. Hag\u00e1mosla juntos:\u00a0<em>En el nombre del Padre y del Hijo y del Esp\u00edritu Santo. <\/em>Y no olvid\u00e9is la fecha del bautismo, que es un cumplea\u00f1os. (\u00c1ngelus, 7 de enero de 2024)<\/p>\n","protected":false},"excerpt":{"rendered":"<p>Yo os pregunto a todos vosotros, cada uno que lo piense: \u00bfrecuerdas la fecha de tu bautismo? Si no la recuerdas, cuando regreses a casa preg\u00fantala para no olvidarla nunca, porque es un nuevo cumplea\u00f1os, porque con tu bautismo naciste a la vida de la gracia. Demos gracias al Se\u00f1or por el bautismo. D\u00e9mosle gracias [&hellip;]<\/p>\n","protected":false},"author":2,"featured_media":0,"comment_status":"closed","ping_status":"closed","sticky":false,"template":"","format":"standard","meta":{"footnotes":""},"categories":[229],"tags":[],"class_list":["post-12056","post","type-post","status-publish","format-standard","hentry","category-palabras-del-santo-padre"],"_links":{"self":[{"href":"https:\/\/www.archivosfutmex.com\/wordpress\/wp-json\/wp\/v2\/posts\/12056","targetHints":{"allow":["GET"]}}],"collection":[{"href":"https:\/\/www.archivosfutmex.com\/wordpress\/wp-json\/wp\/v2\/posts"}],"about":[{"href":"https:\/\/www.archivosfutmex.com\/wordpress\/wp-json\/wp\/v2\/types\/post"}],"author":[{"embeddable":true,"href":"https:\/\/www.archivosfutmex.com\/wordpress\/wp-json\/wp\/v2\/users\/2"}],"replies":[{"embeddable":true,"href":"https:\/\/www.archivosfutmex.com\/wordpress\/wp-json\/wp\/v2\/comments?post=12056"}],"version-history":[{"count":0,"href":"https:\/\/www.archivosfutmex.com\/wordpress\/wp-json\/wp\/v2\/posts\/12056\/revisions"}],"wp:attachment":[{"href":"https:\/\/www.archivosfutmex.com\/wordpress\/wp-json\/wp\/v2\/media?parent=12056"}],"wp:term":[{"taxonomy":"category","embeddable":true,"href":"https:\/\/www.archivosfutmex.com\/wordpress\/wp-json\/wp\/v2\/categories?post=12056"},{"taxonomy":"post_tag","embeddable":true,"href":"https:\/\/www.archivosfutmex.com\/wordpress\/wp-json\/wp\/v2\/tags?post=12056"}],"curies":[{"name":"wp","href":"https:\/\/api.w.org\/{rel}","templated":true}]}}