{"id":12064,"date":"2025-01-13T06:45:17","date_gmt":"2025-01-13T12:45:17","guid":{"rendered":"http:\/\/www.archivosfutmex.com\/wordpress\/?p=12064"},"modified":"2025-01-13T06:45:18","modified_gmt":"2025-01-13T12:45:18","slug":"lectura-de-hoy-lunes-13-enero-2025-de-la-carta-de-los-hebreos-1-1-6","status":"publish","type":"post","link":"https:\/\/www.archivosfutmex.com\/wordpress\/archivos\/12064","title":{"rendered":"Lectura de Hoy Lunes 13 Enero 2025, De la Carta de los Hebreos 1, 1-6"},"content":{"rendered":"\n<p>En distintas ocasiones y de muchas maneras habl\u00f3 Dios en el pasado a nuestros padres, por boca de los profetas. Ahora, en estos tiempos, nos ha hablado por medio de su Hijo, a quien constituy\u00f3 heredero de todas las cosas y por medio del cual hizo el universo.&nbsp;<\/p>\n\n\n\n<p>El Hijo es el resplandor de la gloria de Dios, la imagen fiel de su ser y el sost\u00e9n de todas las cosas con su palabra poderosa. \u00c9l mismo, despu\u00e9s de efectuar la purificaci\u00f3n de los pecados, se sent\u00f3 a la diestra de la majestad de Dios, en las alturas, tanto m\u00e1s encumbrado sobre los \u00e1ngeles, cuanto m\u00e1s excelso es el nombre que, como herencia, le corresponde.&nbsp;<\/p>\n\n\n\n<p>Porque, \u00bfa cu\u00e1l de los \u00e1ngeles le dijo Dios:&nbsp;<em>T\u00fa eres mi Hijo; yo te he engendrado hoy<\/em>? \u00bfO de qu\u00e9 \u00e1ngel dijo Dios: Y<em>o ser\u00e9 para \u00e9l un padre y \u00e9l ser\u00e1 para m\u00ed un hijo?<\/em>&nbsp;Adem\u00e1s, en otro pasaje, cuando introduce en el mundo a su primog\u00e9nito, dice:&nbsp;<em>Ad\u00f3renlo todos los \u00e1ngeles de Dios.<\/em><\/p>\n","protected":false},"excerpt":{"rendered":"<p>En distintas ocasiones y de muchas maneras habl\u00f3 Dios en el pasado a nuestros padres, por boca de los profetas. Ahora, en estos tiempos, nos ha hablado por medio de su Hijo, a quien constituy\u00f3 heredero de todas las cosas y por medio del cual hizo el universo.&nbsp; El Hijo es el resplandor de la [&hellip;]<\/p>\n","protected":false},"author":2,"featured_media":0,"comment_status":"closed","ping_status":"closed","sticky":false,"template":"","format":"standard","meta":{"footnotes":""},"categories":[205],"tags":[],"class_list":["post-12064","post","type-post","status-publish","format-standard","hentry","category-primera-lectura"],"_links":{"self":[{"href":"https:\/\/www.archivosfutmex.com\/wordpress\/wp-json\/wp\/v2\/posts\/12064","targetHints":{"allow":["GET"]}}],"collection":[{"href":"https:\/\/www.archivosfutmex.com\/wordpress\/wp-json\/wp\/v2\/posts"}],"about":[{"href":"https:\/\/www.archivosfutmex.com\/wordpress\/wp-json\/wp\/v2\/types\/post"}],"author":[{"embeddable":true,"href":"https:\/\/www.archivosfutmex.com\/wordpress\/wp-json\/wp\/v2\/users\/2"}],"replies":[{"embeddable":true,"href":"https:\/\/www.archivosfutmex.com\/wordpress\/wp-json\/wp\/v2\/comments?post=12064"}],"version-history":[{"count":0,"href":"https:\/\/www.archivosfutmex.com\/wordpress\/wp-json\/wp\/v2\/posts\/12064\/revisions"}],"wp:attachment":[{"href":"https:\/\/www.archivosfutmex.com\/wordpress\/wp-json\/wp\/v2\/media?parent=12064"}],"wp:term":[{"taxonomy":"category","embeddable":true,"href":"https:\/\/www.archivosfutmex.com\/wordpress\/wp-json\/wp\/v2\/categories?post=12064"},{"taxonomy":"post_tag","embeddable":true,"href":"https:\/\/www.archivosfutmex.com\/wordpress\/wp-json\/wp\/v2\/tags?post=12064"}],"curies":[{"name":"wp","href":"https:\/\/api.w.org\/{rel}","templated":true}]}}