{"id":12068,"date":"2025-01-13T07:19:24","date_gmt":"2025-01-13T13:19:24","guid":{"rendered":"http:\/\/www.archivosfutmex.com\/wordpress\/?p=12068"},"modified":"2025-01-13T07:19:25","modified_gmt":"2025-01-13T13:19:25","slug":"palabras-del-santo-padre-133","status":"publish","type":"post","link":"https:\/\/www.archivosfutmex.com\/wordpress\/archivos\/12068","title":{"rendered":"PALABRAS DEL SANTO PADRE"},"content":{"rendered":"\n<p>En este texto del evangelista Marcos, hay que entender el\u00a0<em>tiempo<\/em>\u00a0como la duraci\u00f3n de la historia de la salvaci\u00f3n realizada por Dios; por tanto, el tiempo \u201ccumplido\u201d es aquel en el que esta acci\u00f3n salv\u00edfica llega a su culmen, a su plena actuaci\u00f3n: es el momento hist\u00f3rico en el que Dios ha enviado al Hijo al mundo y su Reino se ha hecho m\u00e1s \u201ccercano\u201d que nunca. Se ha cumplido el tiempo de la salvaci\u00f3n porque ha llegado Jes\u00fas. Sin embargo, la salvaci\u00f3n no es autom\u00e1tica; la salvaci\u00f3n es un don de amor, y como tal, ofrecido a la libertad humana. Siempre, cuando se habla de amor, se habla de libertad. Un amor sin libertad no es amor. Puede ser inter\u00e9s, puede ser miedo, muchas cosas. Pero el amor siempre es libre. Y, siendo libre,\u00a0requiere una respuesta libre: requiere nuestra\u00a0<em>conversi\u00f3n<\/em>. Es decir, se trata de cambiar de mentalidad. Esta es la conversi\u00f3n: cambiar de mentalidad y cambiar de vida, no seguir m\u00e1s los modelos del mundo, sino el de Dios, que es Jes\u00fas, como hizo Jes\u00fas y como \u00c9l nos ense\u00f1\u00f3. Es un cambio decisivo de visi\u00f3n y de actitud. De hecho, el pecado \u2014sobre todo el pecado de la mundanidad, que es como el aire, est\u00e1 por todas partes\u2014 trajo al mundo una mentalidad que tiende a la afirmaci\u00f3n de uno mismo contra los dem\u00e1s, e incluso contra Dios. (\u2026) A todo ello se opone el mensaje de Jes\u00fas, que nos invita a reconocernos necesitados de Dios y de su gracia; a mantener una actitud equilibrada frente a los bienes terrenos; a ser acogedores y humildes con todos; a conocernos y realizarnos a nosotros mismos mediante el encuentro y el servicio a los dem\u00e1s. Para cada uno de nosotros, el tiempo durante el que podemos acoger la redenci\u00f3n es breve: es la duraci\u00f3n de nuestra vida en este mundo. Es breve.\u00a0(\u00c1ngelus,\u00a0Biblioteca del Palacio Apost\u00f3lico, 24 de enero de 2021)<\/p>\n","protected":false},"excerpt":{"rendered":"<p>En este texto del evangelista Marcos, hay que entender el\u00a0tiempo\u00a0como la duraci\u00f3n de la historia de la salvaci\u00f3n realizada por Dios; por tanto, el tiempo \u201ccumplido\u201d es aquel en el que esta acci\u00f3n salv\u00edfica llega a su culmen, a su plena actuaci\u00f3n: es el momento hist\u00f3rico en el que Dios ha enviado al Hijo al [&hellip;]<\/p>\n","protected":false},"author":2,"featured_media":0,"comment_status":"closed","ping_status":"closed","sticky":false,"template":"","format":"standard","meta":{"footnotes":""},"categories":[229],"tags":[],"class_list":["post-12068","post","type-post","status-publish","format-standard","hentry","category-palabras-del-santo-padre"],"_links":{"self":[{"href":"https:\/\/www.archivosfutmex.com\/wordpress\/wp-json\/wp\/v2\/posts\/12068","targetHints":{"allow":["GET"]}}],"collection":[{"href":"https:\/\/www.archivosfutmex.com\/wordpress\/wp-json\/wp\/v2\/posts"}],"about":[{"href":"https:\/\/www.archivosfutmex.com\/wordpress\/wp-json\/wp\/v2\/types\/post"}],"author":[{"embeddable":true,"href":"https:\/\/www.archivosfutmex.com\/wordpress\/wp-json\/wp\/v2\/users\/2"}],"replies":[{"embeddable":true,"href":"https:\/\/www.archivosfutmex.com\/wordpress\/wp-json\/wp\/v2\/comments?post=12068"}],"version-history":[{"count":0,"href":"https:\/\/www.archivosfutmex.com\/wordpress\/wp-json\/wp\/v2\/posts\/12068\/revisions"}],"wp:attachment":[{"href":"https:\/\/www.archivosfutmex.com\/wordpress\/wp-json\/wp\/v2\/media?parent=12068"}],"wp:term":[{"taxonomy":"category","embeddable":true,"href":"https:\/\/www.archivosfutmex.com\/wordpress\/wp-json\/wp\/v2\/categories?post=12068"},{"taxonomy":"post_tag","embeddable":true,"href":"https:\/\/www.archivosfutmex.com\/wordpress\/wp-json\/wp\/v2\/tags?post=12068"}],"curies":[{"name":"wp","href":"https:\/\/api.w.org\/{rel}","templated":true}]}}