{"id":12082,"date":"2025-01-14T17:38:46","date_gmt":"2025-01-14T23:38:46","guid":{"rendered":"https:\/\/www.archivosfutmex.com\/wordpress\/?p=12082"},"modified":"2025-01-14T17:38:47","modified_gmt":"2025-01-14T23:38:47","slug":"palabras-del-santo-padre-134","status":"publish","type":"post","link":"https:\/\/www.archivosfutmex.com\/wordpress\/archivos\/12082","title":{"rendered":"PALABRAS DEL SANTO PADRE"},"content":{"rendered":"\n<p>El Evangelio de hoy nos presenta a Jes\u00fas liberando a una persona pose\u00edda por un \u00abesp\u00edritu maligno\u00bb (cf. Mc 1,21-28), que la destrozaba y la hac\u00eda gritar sin cesar (cf. vv. 23.26). Esto es lo que hace el demonio: quiere poseer para \u00abencadenar nuestras almas\u00bb. Encadenar nuestras almas: esto es lo que quiere el diablo. Y debemos cuidarnos de las \u00abcadenas\u00bb que sofocan nuestra libertad. Porque el diablo te quita la libertad, siempre. Intentemos, pues, poner nombre a algunas de estas cadenas que pueden apresar nuestro coraz\u00f3n.<\/p>\n\n\n\n<p>Pienso en las adicciones, que nos hacen esclavos, siempre insatisfechos, y devoran energ\u00eda, bienes y afectos; pienso en las modas dominantes, que nos empujan al perfeccionismo imposible, al consumismo y al hedonismo, que mercantilizan a las personas y desvirt\u00faan sus relaciones. Y otras cadenas: est\u00e1n las tentaciones y los condicionamientos que socavan la autoestima, la serenidad y la capacidad de elegir y amar la vida; otra cadena: el miedo, que hace mirar al futuro con pesimismo, y la intolerancia, que siempre echa la culpa a los dem\u00e1s; y luego hay una cadena muy fea: la idolatr\u00eda del poder, que genera conflictos y recurre a las armas que matan o se sirve de la injusticia econ\u00f3mica y de la manipulaci\u00f3n del pensamiento. Hay tantas cadenas en nuestras vidas. Y Jes\u00fas vino a liberarnos de todas estas cadenas.&nbsp;(\u2026)<\/p>\n\n\n\n<p>Pregunt\u00e9monos entonces: \u00bfquiero realmente liberarme de esas cadenas que aprisionan mi coraz\u00f3n? Y tambi\u00e9n, \u00bfs\u00e9 decir que \u00abno\u00bb a las tentaciones del mal, antes de que se apoderen de mi alma? Por \u00faltimo, \u00bfinvoco a Jes\u00fas, le permito que act\u00fae en m\u00ed, que me sane por dentro? Que la Sant\u00edsima Virgen nos proteja del mal. (\u00c1ngelus, Plaza San Pedro, 28 de enero de 2024)<\/p>\n","protected":false},"excerpt":{"rendered":"<p>El Evangelio de hoy nos presenta a Jes\u00fas liberando a una persona pose\u00edda por un \u00abesp\u00edritu maligno\u00bb (cf. Mc 1,21-28), que la destrozaba y la hac\u00eda gritar sin cesar (cf. vv. 23.26). Esto es lo que hace el demonio: quiere poseer para \u00abencadenar nuestras almas\u00bb. Encadenar nuestras almas: esto es lo que quiere el diablo. [&hellip;]<\/p>\n","protected":false},"author":2,"featured_media":0,"comment_status":"closed","ping_status":"closed","sticky":false,"template":"","format":"standard","meta":{"footnotes":""},"categories":[1],"tags":[],"class_list":["post-12082","post","type-post","status-publish","format-standard","hentry","category-todo-de-todo-futbol"],"_links":{"self":[{"href":"https:\/\/www.archivosfutmex.com\/wordpress\/wp-json\/wp\/v2\/posts\/12082","targetHints":{"allow":["GET"]}}],"collection":[{"href":"https:\/\/www.archivosfutmex.com\/wordpress\/wp-json\/wp\/v2\/posts"}],"about":[{"href":"https:\/\/www.archivosfutmex.com\/wordpress\/wp-json\/wp\/v2\/types\/post"}],"author":[{"embeddable":true,"href":"https:\/\/www.archivosfutmex.com\/wordpress\/wp-json\/wp\/v2\/users\/2"}],"replies":[{"embeddable":true,"href":"https:\/\/www.archivosfutmex.com\/wordpress\/wp-json\/wp\/v2\/comments?post=12082"}],"version-history":[{"count":0,"href":"https:\/\/www.archivosfutmex.com\/wordpress\/wp-json\/wp\/v2\/posts\/12082\/revisions"}],"wp:attachment":[{"href":"https:\/\/www.archivosfutmex.com\/wordpress\/wp-json\/wp\/v2\/media?parent=12082"}],"wp:term":[{"taxonomy":"category","embeddable":true,"href":"https:\/\/www.archivosfutmex.com\/wordpress\/wp-json\/wp\/v2\/categories?post=12082"},{"taxonomy":"post_tag","embeddable":true,"href":"https:\/\/www.archivosfutmex.com\/wordpress\/wp-json\/wp\/v2\/tags?post=12082"}],"curies":[{"name":"wp","href":"https:\/\/api.w.org\/{rel}","templated":true}]}}