{"id":12179,"date":"2025-01-24T08:15:17","date_gmt":"2025-01-24T14:15:17","guid":{"rendered":"http:\/\/www.archivosfutmex.com\/wordpress\/?p=12179"},"modified":"2025-01-24T08:15:19","modified_gmt":"2025-01-24T14:15:19","slug":"palabras-del-santo-padre-143","status":"publish","type":"post","link":"https:\/\/www.archivosfutmex.com\/wordpress\/archivos\/12179","title":{"rendered":"PALABRAS DEL SANTO PADRE"},"content":{"rendered":"\n<p>Se\u00f1or Jes\u00fas est\u00e1 vivo, que el Se\u00f1or Jes\u00fas ha resucitado, que el Se\u00f1or Jes\u00fas camina con nosotros, que el Se\u00f1or Jes\u00fas nos salva, que el Se\u00f1or Jes\u00fas dio su vida por nosotros, que el Se\u00f1or Jes\u00fas es nuestra esperanza, que el Se\u00f1or Jes\u00fas nos acoge siempre y nos perdona\u00bb. He aqu\u00ed \u00abel testimonio\u00bb. En consecuencia, prosigui\u00f3, \u00abnuestra vida debe ser esto: un testimonio, (\u2026) Por esta raz\u00f3n, \u00abhoy quiero invitaros a rezar por nosotros, obispos: porque tambi\u00e9n nosotros somos pecadores, tambi\u00e9n nosotros tenemos debilidades, tambi\u00e9n nosotros corremos el peligro de Judas: tambi\u00e9n \u00e9l hab\u00eda sido elegido columna\u00bb. S\u00ed, prosigui\u00f3, \u00abtambi\u00e9n nosotros corremos el peligro de no rezar, de hacer algo que no es anunciar el Evangelio y expulsar los demonios\u00bb. De ah\u00ed, la invitaci\u00f3n a \u00abrezar para que los obispos sean lo que Jes\u00fas quer\u00eda, y que todos nosotros demos testimonio de la resurrecci\u00f3n de Jes\u00fas\u00bb. (Homil\u00eda da Santa Marta, 22 de enero de 2016)<\/p>\n","protected":false},"excerpt":{"rendered":"<p>Se\u00f1or Jes\u00fas est\u00e1 vivo, que el Se\u00f1or Jes\u00fas ha resucitado, que el Se\u00f1or Jes\u00fas camina con nosotros, que el Se\u00f1or Jes\u00fas nos salva, que el Se\u00f1or Jes\u00fas dio su vida por nosotros, que el Se\u00f1or Jes\u00fas es nuestra esperanza, que el Se\u00f1or Jes\u00fas nos acoge siempre y nos perdona\u00bb. He aqu\u00ed \u00abel testimonio\u00bb. En consecuencia, [&hellip;]<\/p>\n","protected":false},"author":2,"featured_media":0,"comment_status":"closed","ping_status":"closed","sticky":false,"template":"","format":"standard","meta":{"footnotes":""},"categories":[229],"tags":[],"class_list":["post-12179","post","type-post","status-publish","format-standard","hentry","category-palabras-del-santo-padre"],"_links":{"self":[{"href":"https:\/\/www.archivosfutmex.com\/wordpress\/wp-json\/wp\/v2\/posts\/12179","targetHints":{"allow":["GET"]}}],"collection":[{"href":"https:\/\/www.archivosfutmex.com\/wordpress\/wp-json\/wp\/v2\/posts"}],"about":[{"href":"https:\/\/www.archivosfutmex.com\/wordpress\/wp-json\/wp\/v2\/types\/post"}],"author":[{"embeddable":true,"href":"https:\/\/www.archivosfutmex.com\/wordpress\/wp-json\/wp\/v2\/users\/2"}],"replies":[{"embeddable":true,"href":"https:\/\/www.archivosfutmex.com\/wordpress\/wp-json\/wp\/v2\/comments?post=12179"}],"version-history":[{"count":0,"href":"https:\/\/www.archivosfutmex.com\/wordpress\/wp-json\/wp\/v2\/posts\/12179\/revisions"}],"wp:attachment":[{"href":"https:\/\/www.archivosfutmex.com\/wordpress\/wp-json\/wp\/v2\/media?parent=12179"}],"wp:term":[{"taxonomy":"category","embeddable":true,"href":"https:\/\/www.archivosfutmex.com\/wordpress\/wp-json\/wp\/v2\/categories?post=12179"},{"taxonomy":"post_tag","embeddable":true,"href":"https:\/\/www.archivosfutmex.com\/wordpress\/wp-json\/wp\/v2\/tags?post=12179"}],"curies":[{"name":"wp","href":"https:\/\/api.w.org\/{rel}","templated":true}]}}