{"id":12184,"date":"2025-01-25T04:30:07","date_gmt":"2025-01-25T10:30:07","guid":{"rendered":"https:\/\/www.archivosfutmex.com\/wordpress\/?p=12184"},"modified":"2025-01-25T04:30:07","modified_gmt":"2025-01-25T10:30:07","slug":"oracion-colecta-hoy-sabado-25-enero-2025","status":"publish","type":"post","link":"https:\/\/www.archivosfutmex.com\/wordpress\/archivos\/12184","title":{"rendered":"ORACION COLECTA Hoy S\u00e1bado \u00a025 Enero 2025"},"content":{"rendered":"\n<p>Dios nuestro , que adoctrinaste al mundo entero con la predicaci\u00f3n del ap\u00f3stol San Pablo , conc\u00e9denos que, caminando hacia ti siguiendo el ejemplo de aquel cuya conversi\u00f3n hoy celebramos , seamos testigos de tu verdad en el mundo, Por nuestro Se\u00f1or Jesucristo , tu hijo, que vive y reina contigo en la unidad del Esp\u00edritu Santo y es Dios por los siglos de los siglos.<\/p>\n","protected":false},"excerpt":{"rendered":"<p>Dios nuestro , que adoctrinaste al mundo entero con la predicaci\u00f3n del ap\u00f3stol San Pablo , conc\u00e9denos que, caminando hacia ti siguiendo el ejemplo de aquel cuya conversi\u00f3n hoy celebramos , seamos testigos de tu verdad en el mundo, Por nuestro Se\u00f1or Jesucristo , tu hijo, que vive y reina contigo en la unidad del [&hellip;]<\/p>\n","protected":false},"author":2,"featured_media":0,"comment_status":"closed","ping_status":"closed","sticky":false,"template":"","format":"standard","meta":{"footnotes":""},"categories":[185],"tags":[],"class_list":["post-12184","post","type-post","status-publish","format-standard","hentry","category-oracion-colecta"],"_links":{"self":[{"href":"https:\/\/www.archivosfutmex.com\/wordpress\/wp-json\/wp\/v2\/posts\/12184","targetHints":{"allow":["GET"]}}],"collection":[{"href":"https:\/\/www.archivosfutmex.com\/wordpress\/wp-json\/wp\/v2\/posts"}],"about":[{"href":"https:\/\/www.archivosfutmex.com\/wordpress\/wp-json\/wp\/v2\/types\/post"}],"author":[{"embeddable":true,"href":"https:\/\/www.archivosfutmex.com\/wordpress\/wp-json\/wp\/v2\/users\/2"}],"replies":[{"embeddable":true,"href":"https:\/\/www.archivosfutmex.com\/wordpress\/wp-json\/wp\/v2\/comments?post=12184"}],"version-history":[{"count":0,"href":"https:\/\/www.archivosfutmex.com\/wordpress\/wp-json\/wp\/v2\/posts\/12184\/revisions"}],"wp:attachment":[{"href":"https:\/\/www.archivosfutmex.com\/wordpress\/wp-json\/wp\/v2\/media?parent=12184"}],"wp:term":[{"taxonomy":"category","embeddable":true,"href":"https:\/\/www.archivosfutmex.com\/wordpress\/wp-json\/wp\/v2\/categories?post=12184"},{"taxonomy":"post_tag","embeddable":true,"href":"https:\/\/www.archivosfutmex.com\/wordpress\/wp-json\/wp\/v2\/tags?post=12184"}],"curies":[{"name":"wp","href":"https:\/\/api.w.org\/{rel}","templated":true}]}}