{"id":12187,"date":"2025-01-25T06:31:03","date_gmt":"2025-01-25T12:31:03","guid":{"rendered":"http:\/\/www.archivosfutmex.com\/wordpress\/?p=12187"},"modified":"2025-01-25T06:31:03","modified_gmt":"2025-01-25T12:31:03","slug":"lectura-de-hoy-sabado-25-de-enero-2025-lectura-de-los-hechos-de-los-apostoles-22-3-16","status":"publish","type":"post","link":"https:\/\/www.archivosfutmex.com\/wordpress\/archivos\/12187","title":{"rendered":"Lectura de Hoy S\u00e1bado 25 de Enero 2025, Lectura de los Hechos de los Ap\u00f3stoles 22, 3-16"},"content":{"rendered":"\n<p>En aquellos d\u00edas, Pablo dijo al pueblo: \u201cYo soy jud\u00edo, nac\u00ed en Tarso de Cilicia, pero me cri\u00e9 aqu\u00ed, en Jerusal\u00e9n; fui alumno de Gamaliel y aprend\u00ed a observar en todo su rigor la ley de nuestros padres y estaba tan lleno de celo por las cosas de Dios, como lo est\u00e1n ustedes ahora.<\/p>\n\n\n\n<p>Persegu\u00ed a muerte al camino cristiano, encadenando y metiendo en la c\u00e1rcel a hombres y mujeres, como pueden atestiguarlo el sumo sacerdote y todo el consejo de los ancianos. Ellos me dieron cartas para los hermanos de Damasco y me dirig\u00ed hacia all\u00e1 en busca de creyentes para traerlos presos a Jerusal\u00e9n y castigarlos.<\/p>\n\n\n\n<p>Pero en el camino, cerca ya de Damasco, a eso del mediod\u00eda, de repente me envolvi\u00f3 una gran luz venida del cielo; ca\u00ed por tierra y o\u00ed una voz que me dec\u00eda: \u2018Saulo, Saulo, \u00bfpor qu\u00e9 me persigues?\u2019 Yo le respond\u00ed: \u2018Se\u00f1or, \u00bfqui\u00e9n eres t\u00fa?\u2019 \u00c9l me contest\u00f3: \u2018Yo soy Jes\u00fas de Nazaret, a quien t\u00fa persigues\u2019. Los que me acompa\u00f1aban vieron la luz, pero no oyeron la voz del que me hablaba. Entonces yo le dije: \u2018\u00bfQu\u00e9 debo hacer, Se\u00f1or?\u2019 El Se\u00f1or me respondi\u00f3: \u2018Lev\u00e1ntate y vete a Damasco; all\u00e1 te dir\u00e1n todo lo que tienes que hacer\u2019. Como yo no pod\u00eda ver, cegado por el resplandor de aquella luz, mis compa\u00f1eros me llevaron de la mano hasta Damasco.<\/p>\n\n\n\n<p>All\u00ed, un hombre llamado Anan\u00edas, var\u00f3n piadoso y observante de la ley, muy respetado por todos los jud\u00edos que viv\u00edan en Damasco, fue a verme, se me acerc\u00f3 y me dijo: \u2018Saulo, hermano, recobra la vista\u2019. Inmediatamente recobr\u00e9 la vista y pude verlo. \u00c9l me dijo: \u2018El Dios de nuestros padres te ha elegido para que conocieras su voluntad, vieras al Justo y escucharas sus palabras, porque deber\u00e1s atestiguar ante todos los hombres lo que has visto y o\u00eddo. Y ahora, \u00bfqu\u00e9 esperas? Lev\u00e1ntate, recibe el bautismo, reconoce que Jes\u00fas es el Se\u00f1or y queda limpio de tus pecados\u2019 \u201d.<\/p>\n","protected":false},"excerpt":{"rendered":"<p>En aquellos d\u00edas, Pablo dijo al pueblo: \u201cYo soy jud\u00edo, nac\u00ed en Tarso de Cilicia, pero me cri\u00e9 aqu\u00ed, en Jerusal\u00e9n; fui alumno de Gamaliel y aprend\u00ed a observar en todo su rigor la ley de nuestros padres y estaba tan lleno de celo por las cosas de Dios, como lo est\u00e1n ustedes ahora. Persegu\u00ed [&hellip;]<\/p>\n","protected":false},"author":2,"featured_media":0,"comment_status":"closed","ping_status":"closed","sticky":false,"template":"","format":"standard","meta":{"footnotes":""},"categories":[205],"tags":[],"class_list":["post-12187","post","type-post","status-publish","format-standard","hentry","category-primera-lectura"],"_links":{"self":[{"href":"https:\/\/www.archivosfutmex.com\/wordpress\/wp-json\/wp\/v2\/posts\/12187","targetHints":{"allow":["GET"]}}],"collection":[{"href":"https:\/\/www.archivosfutmex.com\/wordpress\/wp-json\/wp\/v2\/posts"}],"about":[{"href":"https:\/\/www.archivosfutmex.com\/wordpress\/wp-json\/wp\/v2\/types\/post"}],"author":[{"embeddable":true,"href":"https:\/\/www.archivosfutmex.com\/wordpress\/wp-json\/wp\/v2\/users\/2"}],"replies":[{"embeddable":true,"href":"https:\/\/www.archivosfutmex.com\/wordpress\/wp-json\/wp\/v2\/comments?post=12187"}],"version-history":[{"count":0,"href":"https:\/\/www.archivosfutmex.com\/wordpress\/wp-json\/wp\/v2\/posts\/12187\/revisions"}],"wp:attachment":[{"href":"https:\/\/www.archivosfutmex.com\/wordpress\/wp-json\/wp\/v2\/media?parent=12187"}],"wp:term":[{"taxonomy":"category","embeddable":true,"href":"https:\/\/www.archivosfutmex.com\/wordpress\/wp-json\/wp\/v2\/categories?post=12187"},{"taxonomy":"post_tag","embeddable":true,"href":"https:\/\/www.archivosfutmex.com\/wordpress\/wp-json\/wp\/v2\/tags?post=12187"}],"curies":[{"name":"wp","href":"https:\/\/api.w.org\/{rel}","templated":true}]}}