{"id":12303,"date":"2025-01-31T06:36:25","date_gmt":"2025-01-31T12:36:25","guid":{"rendered":"http:\/\/www.archivosfutmex.com\/wordpress\/?p=12303"},"modified":"2025-01-31T06:36:25","modified_gmt":"2025-01-31T12:36:25","slug":"palabras-del-santo-padre-hoy-viernes-31","status":"publish","type":"post","link":"https:\/\/www.archivosfutmex.com\/wordpress\/archivos\/12303","title":{"rendered":"PALABRAS DEL SANTO PADRE Hoy Viernes 31"},"content":{"rendered":"\n<p>El mensaje de esta par\u00e1bola lo que nos ense\u00f1a es esto: mediante la predicaci\u00f3n y la acci\u00f3n de Jes\u00fas, el Reino de Dios es anunciado, irrumpe en el campo del mundo y, como la semilla, crece y se desarrolla por s\u00ed mismo, por fuerza propia y seg\u00fan criterios humanamente no descifrables. Esta, en su crecer y brotar dentro de la historia, no depende tanto de la obra del hombre, sino que es sobre todo expresi\u00f3n del poder y de la bondad de Dios, de la fuerza del Esp\u00edritu Santo que lleva adelante la vida cristiana en el Pueblo de Dios. A veces la historia, con sus sucesos y sus protagonistas, parece ir en sentido contrario al designio del Padre celestial, que quiere para todos sus hijos la justicia, la fraternidad, la paz. Pero nosotros estamos llamados a vivir estos periodos como temporadas de prueba, de esperanza y de espera vigilante de la cosecha. De hecho, ayer como hoy, el Reino de Dios crece en el mundo de forma misteriosa, de forma sorprendente, (\u2026) Por eso, en los momentos de oscuridad y de dificultad nosotros no debemos desmoronarnos, sino permanecer anclados en la fidelidad de Dios, en su presencia que siempre salva. Recordad esto: Dios siempre salva. (\u00c1ngelus, 17 de junio de 2018)<\/p>\n\n\n\n<figure class=\"wp-block-image\"><img decoding=\"async\" src=\"https:\/\/www.vaticannews.va\/etc\/designs\/vatican-news\/release\/library\/main\/images\/support-comunicazione-banner-v2.png\" alt=\"Su contribuci\u00f3n a una gran misi\u00f3n: apoyarnos para llevar la palabra del Papa a todos los hogares\" title=\"Su contribuci\u00f3n a una gran misi\u00f3n: apoyarnos para llevar la palabra del Papa a todos los hogares\"\/><\/figure>\n\n\n\n<p><a href=\"https:\/\/www.comunicazione.va\/en\/sostienici\/es.html\" target=\"_blank\" rel=\"noreferrer noopener\"><\/a><a href=\"https:\/\/www.comunicazione.va\/en\/sostienici\/es.html\" target=\"_blank\" rel=\"noreferrer noopener\"><\/a><\/p>\n","protected":false},"excerpt":{"rendered":"<p>El mensaje de esta par\u00e1bola lo que nos ense\u00f1a es esto: mediante la predicaci\u00f3n y la acci\u00f3n de Jes\u00fas, el Reino de Dios es anunciado, irrumpe en el campo del mundo y, como la semilla, crece y se desarrolla por s\u00ed mismo, por fuerza propia y seg\u00fan criterios humanamente no descifrables. Esta, en su crecer [&hellip;]<\/p>\n","protected":false},"author":2,"featured_media":0,"comment_status":"closed","ping_status":"closed","sticky":false,"template":"","format":"standard","meta":{"footnotes":""},"categories":[229],"tags":[],"class_list":["post-12303","post","type-post","status-publish","format-standard","hentry","category-palabras-del-santo-padre"],"_links":{"self":[{"href":"https:\/\/www.archivosfutmex.com\/wordpress\/wp-json\/wp\/v2\/posts\/12303","targetHints":{"allow":["GET"]}}],"collection":[{"href":"https:\/\/www.archivosfutmex.com\/wordpress\/wp-json\/wp\/v2\/posts"}],"about":[{"href":"https:\/\/www.archivosfutmex.com\/wordpress\/wp-json\/wp\/v2\/types\/post"}],"author":[{"embeddable":true,"href":"https:\/\/www.archivosfutmex.com\/wordpress\/wp-json\/wp\/v2\/users\/2"}],"replies":[{"embeddable":true,"href":"https:\/\/www.archivosfutmex.com\/wordpress\/wp-json\/wp\/v2\/comments?post=12303"}],"version-history":[{"count":0,"href":"https:\/\/www.archivosfutmex.com\/wordpress\/wp-json\/wp\/v2\/posts\/12303\/revisions"}],"wp:attachment":[{"href":"https:\/\/www.archivosfutmex.com\/wordpress\/wp-json\/wp\/v2\/media?parent=12303"}],"wp:term":[{"taxonomy":"category","embeddable":true,"href":"https:\/\/www.archivosfutmex.com\/wordpress\/wp-json\/wp\/v2\/categories?post=12303"},{"taxonomy":"post_tag","embeddable":true,"href":"https:\/\/www.archivosfutmex.com\/wordpress\/wp-json\/wp\/v2\/tags?post=12303"}],"curies":[{"name":"wp","href":"https:\/\/api.w.org\/{rel}","templated":true}]}}