{"id":12319,"date":"2025-02-01T09:55:33","date_gmt":"2025-02-01T15:55:33","guid":{"rendered":"http:\/\/www.archivosfutmex.com\/wordpress\/?p=12319"},"modified":"2025-02-01T09:55:40","modified_gmt":"2025-02-01T15:55:40","slug":"palabras-del-santo-padre-149","status":"publish","type":"post","link":"https:\/\/www.archivosfutmex.com\/wordpress\/archivos\/12319","title":{"rendered":"PALABRAS DEL SANTO PADRE"},"content":{"rendered":"\n<p>Hoy el Evangelio nos presenta a Jes\u00fas en la barca con los disc\u00edpulos, en el lago de Tiber\u00edades. De repente llega una fuerte tormenta y la barca corre peligro de hundirse. Jes\u00fas, que estaba durmiendo, se despierta, amenaza al viento y todo vuelve a la calma. \u00bfPor qu\u00e9 Jes\u00fas act\u00faa as\u00ed?<\/p>\n\n\n\n<p>Para&nbsp;<em>fortalecer la fe<\/em>&nbsp;de los disc\u00edpulos y para hacerlos&nbsp;<em>m\u00e1s valientes<\/em>. En efecto, salen de esta experiencia m\u00e1s conscientes del poder de Jes\u00fas y de su presencia en medio de ellos y, por tanto, m\u00e1s fuertes y dispuestos a afrontar los obst\u00e1culos y las dificultades, incluido el miedo a aventurarse a proclamar el Evangelio. Habiendo superado esta prueba con \u00c9l, sabr\u00e1n afrontar muchas otras, incluso hasta la cruz y el martirio, para llevar el Evangelio a todos los pueblos.<\/p>\n\n\n\n<p>Y Jes\u00fas hace lo mismo con nosotros, particularmente en la Eucarist\u00eda: nos re\u00fane en torno a S\u00ed, nos da su Palabra, nos alimenta con su Cuerpo y su Sangre, y luego nos invita a ponernos en camino, a transmitir a todos lo que hemos o\u00eddo y a compartir con todos lo que hemos recibido, en la vida cotidiana, incluso cuando es dif\u00edcil. Jes\u00fas no nos ahorra las contrariedades, pero sin abandonarnos nunca, nos ayuda a afrontarlas. Nos vuelve valientes. &nbsp;(\u00c1ngelus, 23 de junio de 2024)<\/p>\n","protected":false},"excerpt":{"rendered":"<p>Hoy el Evangelio nos presenta a Jes\u00fas en la barca con los disc\u00edpulos, en el lago de Tiber\u00edades. De repente llega una fuerte tormenta y la barca corre peligro de hundirse. Jes\u00fas, que estaba durmiendo, se despierta, amenaza al viento y todo vuelve a la calma. \u00bfPor qu\u00e9 Jes\u00fas act\u00faa as\u00ed? Para&nbsp;fortalecer la fe&nbsp;de los [&hellip;]<\/p>\n","protected":false},"author":2,"featured_media":0,"comment_status":"closed","ping_status":"closed","sticky":false,"template":"","format":"standard","meta":{"footnotes":""},"categories":[229],"tags":[],"class_list":["post-12319","post","type-post","status-publish","format-standard","hentry","category-palabras-del-santo-padre"],"_links":{"self":[{"href":"https:\/\/www.archivosfutmex.com\/wordpress\/wp-json\/wp\/v2\/posts\/12319","targetHints":{"allow":["GET"]}}],"collection":[{"href":"https:\/\/www.archivosfutmex.com\/wordpress\/wp-json\/wp\/v2\/posts"}],"about":[{"href":"https:\/\/www.archivosfutmex.com\/wordpress\/wp-json\/wp\/v2\/types\/post"}],"author":[{"embeddable":true,"href":"https:\/\/www.archivosfutmex.com\/wordpress\/wp-json\/wp\/v2\/users\/2"}],"replies":[{"embeddable":true,"href":"https:\/\/www.archivosfutmex.com\/wordpress\/wp-json\/wp\/v2\/comments?post=12319"}],"version-history":[{"count":0,"href":"https:\/\/www.archivosfutmex.com\/wordpress\/wp-json\/wp\/v2\/posts\/12319\/revisions"}],"wp:attachment":[{"href":"https:\/\/www.archivosfutmex.com\/wordpress\/wp-json\/wp\/v2\/media?parent=12319"}],"wp:term":[{"taxonomy":"category","embeddable":true,"href":"https:\/\/www.archivosfutmex.com\/wordpress\/wp-json\/wp\/v2\/categories?post=12319"},{"taxonomy":"post_tag","embeddable":true,"href":"https:\/\/www.archivosfutmex.com\/wordpress\/wp-json\/wp\/v2\/tags?post=12319"}],"curies":[{"name":"wp","href":"https:\/\/api.w.org\/{rel}","templated":true}]}}