{"id":12338,"date":"2025-02-02T08:33:55","date_gmt":"2025-02-02T14:33:55","guid":{"rendered":"http:\/\/www.archivosfutmex.com\/wordpress\/?p=12338"},"modified":"2025-02-02T08:33:55","modified_gmt":"2025-02-02T14:33:55","slug":"el-santo-evangelio-de-hoy-domingo-2-del-evangelio-segun-san-lucas-lc-2-22-40","status":"publish","type":"post","link":"https:\/\/www.archivosfutmex.com\/wordpress\/archivos\/12338","title":{"rendered":"El Santo Evangelio de Hoy Domingo 2, Del Evangelio seg\u00fan San Lucas Lc 2, 22-40"},"content":{"rendered":"\n<p>Transcurrido el tiempo de la purificaci\u00f3n de Mar\u00eda, seg\u00fan la ley de Mois\u00e9s, ella y Jos\u00e9 llevaron al ni\u00f1o a Jerusal\u00e9n para presentarlo al Se\u00f1or, de acuerdo con lo escrito en la ley:&nbsp;<em>Todo primog\u00e9nito var\u00f3n ser\u00e1 consagrado al Se\u00f1or,<\/em>&nbsp;y tambi\u00e9n para ofrecer, como dice la ley,&nbsp;<em>un par de t\u00f3rtolas o dos pichones.<\/em><\/p>\n\n\n\n<p>Viv\u00eda en Jerusal\u00e9n un hombre llamado Sime\u00f3n, var\u00f3n justo y temeroso de Dios, que aguardaba el consuelo de Israel; en \u00e9l moraba el Esp\u00edritu Santo, el cual le hab\u00eda revelado que no morir\u00eda sin haber visto antes al Mes\u00edas del Se\u00f1or. Movido por el Esp\u00edritu, fue al templo, y cuando Jos\u00e9 y Mar\u00eda entraban con el ni\u00f1o Jes\u00fas para cumplir con lo prescrito por la ley, Sime\u00f3n lo tom\u00f3 en brazos y bendijo a Dios, diciendo:<\/p>\n\n\n\n<p>\u201cSe\u00f1or, ya puedes dejar morir en paz a tu siervo,<br>seg\u00fan lo que me hab\u00edas prometido,<br>porque mis ojos han visto a tu Salvador,<br>al que has preparado para bien de todos los pueblos;<br>luz que alumbra a las naciones<br>y gloria de tu pueblo, Israel\u201d.<\/p>\n\n\n\n<p>El padre y la madre del ni\u00f1o estaban admirados de semejantes palabras. Sime\u00f3n los bendijo, y a Mar\u00eda, la madre de Jes\u00fas, le anunci\u00f3: \u201cEste ni\u00f1o ha sido puesto para ruina y resurgimiento de muchos en Israel, como signo que provocar\u00e1 contradicci\u00f3n, para que queden al descubierto los pensamientos de todos los corazones. Y a ti, una espada te atravesar\u00e1 el alma\u201d.<\/p>\n\n\n\n<p>Hab\u00eda tambi\u00e9n una profetisa, Ana, hija de Fanuel, de la tribu de Aser. Era una mujer muy anciana. De joven, hab\u00eda vivido siete a\u00f1os casada, y ten\u00eda ya ochenta y cuatro a\u00f1os de edad. No se apartaba del templo ni de d\u00eda ni de noche, sirviendo a Dios con ayunos y oraciones. Ana se acerc\u00f3 en aquel momento, dando gracias a Dios y hablando del ni\u00f1o a todos los que aguardaban la liberaci\u00f3n de Israel.<\/p>\n\n\n\n<p>Y cuando cumplieron todo lo que prescrib\u00eda la ley del Se\u00f1or, se volvieron a Galilea, a su ciudad de Nazaret. El ni\u00f1o iba creciendo y fortaleci\u00e9ndose, se llenaba de sabidur\u00eda y la gracia de Dios estaba con \u00e9l.<\/p>\n","protected":false},"excerpt":{"rendered":"<p>Transcurrido el tiempo de la purificaci\u00f3n de Mar\u00eda, seg\u00fan la ley de Mois\u00e9s, ella y Jos\u00e9 llevaron al ni\u00f1o a Jerusal\u00e9n para presentarlo al Se\u00f1or, de acuerdo con lo escrito en la ley:&nbsp;Todo primog\u00e9nito var\u00f3n ser\u00e1 consagrado al Se\u00f1or,&nbsp;y tambi\u00e9n para ofrecer, como dice la ley,&nbsp;un par de t\u00f3rtolas o dos pichones. Viv\u00eda en Jerusal\u00e9n [&hellip;]<\/p>\n","protected":false},"author":2,"featured_media":0,"comment_status":"closed","ping_status":"closed","sticky":false,"template":"","format":"standard","meta":{"footnotes":""},"categories":[165],"tags":[],"class_list":["post-12338","post","type-post","status-publish","format-standard","hentry","category-evangelio-de-hoy"],"_links":{"self":[{"href":"https:\/\/www.archivosfutmex.com\/wordpress\/wp-json\/wp\/v2\/posts\/12338","targetHints":{"allow":["GET"]}}],"collection":[{"href":"https:\/\/www.archivosfutmex.com\/wordpress\/wp-json\/wp\/v2\/posts"}],"about":[{"href":"https:\/\/www.archivosfutmex.com\/wordpress\/wp-json\/wp\/v2\/types\/post"}],"author":[{"embeddable":true,"href":"https:\/\/www.archivosfutmex.com\/wordpress\/wp-json\/wp\/v2\/users\/2"}],"replies":[{"embeddable":true,"href":"https:\/\/www.archivosfutmex.com\/wordpress\/wp-json\/wp\/v2\/comments?post=12338"}],"version-history":[{"count":0,"href":"https:\/\/www.archivosfutmex.com\/wordpress\/wp-json\/wp\/v2\/posts\/12338\/revisions"}],"wp:attachment":[{"href":"https:\/\/www.archivosfutmex.com\/wordpress\/wp-json\/wp\/v2\/media?parent=12338"}],"wp:term":[{"taxonomy":"category","embeddable":true,"href":"https:\/\/www.archivosfutmex.com\/wordpress\/wp-json\/wp\/v2\/categories?post=12338"},{"taxonomy":"post_tag","embeddable":true,"href":"https:\/\/www.archivosfutmex.com\/wordpress\/wp-json\/wp\/v2\/tags?post=12338"}],"curies":[{"name":"wp","href":"https:\/\/api.w.org\/{rel}","templated":true}]}}