{"id":12340,"date":"2025-02-02T08:35:59","date_gmt":"2025-02-02T14:35:59","guid":{"rendered":"http:\/\/www.archivosfutmex.com\/wordpress\/?p=12340"},"modified":"2025-02-02T08:35:59","modified_gmt":"2025-02-02T14:35:59","slug":"palabras-del-santo-padre-150","status":"publish","type":"post","link":"https:\/\/www.archivosfutmex.com\/wordpress\/archivos\/12340","title":{"rendered":"PALABRAS DEL SANTO PADRE"},"content":{"rendered":"\n<p>Mientras el pueblo esperaba la salvaci\u00f3n del Se\u00f1or, los profetas anunciaban su venida, como afirmaba el profeta Malaqu\u00edas: \u00abentrar\u00e1 en su Templo el Se\u00f1or que ustedes buscan; y el \u00c1ngel de la alianza que ustedes desean ya viene, dice el Se\u00f1or de los ej\u00e9rcitos\u00bb (3,1). Sime\u00f3n y Ana son imagen y figura de esta espera. Ellos ven al Se\u00f1or entrar en su templo e, iluminados por el Esp\u00edritu Santo, lo reconocen en el Ni\u00f1o que Mar\u00eda lleva en brazos. Llevaban toda la vida esper\u00e1ndolo: Sime\u00f3n, \u00abque era justo y piadoso, y esperaba el consuelo de Israel\u00bb (<em>Lc<\/em>&nbsp;2,25); Ana, que \u00abno se apartaba del Templo\u00bb (<em>Lc&nbsp;<\/em>2,37).<\/p>\n\n\n\n<p>Nos hace bien mirar a estos dos ancianos pacientes en la espera, vigilantes en el esp\u00edritu y perseverantes en la oraci\u00f3n. Sus corazones permanecen velando, como una antorcha siempre encendida. Son de edad avanzada, pero tienen la juventud del coraz\u00f3n; no se dejan consumir por los d\u00edas que pasan porque sus ojos permanecen fijos en Dios, en la espera&nbsp;(Homil\u00eda, 2 de febrero de 2024)<\/p>\n","protected":false},"excerpt":{"rendered":"<p>Mientras el pueblo esperaba la salvaci\u00f3n del Se\u00f1or, los profetas anunciaban su venida, como afirmaba el profeta Malaqu\u00edas: \u00abentrar\u00e1 en su Templo el Se\u00f1or que ustedes buscan; y el \u00c1ngel de la alianza que ustedes desean ya viene, dice el Se\u00f1or de los ej\u00e9rcitos\u00bb (3,1). Sime\u00f3n y Ana son imagen y figura de esta espera. [&hellip;]<\/p>\n","protected":false},"author":2,"featured_media":0,"comment_status":"closed","ping_status":"closed","sticky":false,"template":"","format":"standard","meta":{"footnotes":""},"categories":[229],"tags":[],"class_list":["post-12340","post","type-post","status-publish","format-standard","hentry","category-palabras-del-santo-padre"],"_links":{"self":[{"href":"https:\/\/www.archivosfutmex.com\/wordpress\/wp-json\/wp\/v2\/posts\/12340","targetHints":{"allow":["GET"]}}],"collection":[{"href":"https:\/\/www.archivosfutmex.com\/wordpress\/wp-json\/wp\/v2\/posts"}],"about":[{"href":"https:\/\/www.archivosfutmex.com\/wordpress\/wp-json\/wp\/v2\/types\/post"}],"author":[{"embeddable":true,"href":"https:\/\/www.archivosfutmex.com\/wordpress\/wp-json\/wp\/v2\/users\/2"}],"replies":[{"embeddable":true,"href":"https:\/\/www.archivosfutmex.com\/wordpress\/wp-json\/wp\/v2\/comments?post=12340"}],"version-history":[{"count":0,"href":"https:\/\/www.archivosfutmex.com\/wordpress\/wp-json\/wp\/v2\/posts\/12340\/revisions"}],"wp:attachment":[{"href":"https:\/\/www.archivosfutmex.com\/wordpress\/wp-json\/wp\/v2\/media?parent=12340"}],"wp:term":[{"taxonomy":"category","embeddable":true,"href":"https:\/\/www.archivosfutmex.com\/wordpress\/wp-json\/wp\/v2\/categories?post=12340"},{"taxonomy":"post_tag","embeddable":true,"href":"https:\/\/www.archivosfutmex.com\/wordpress\/wp-json\/wp\/v2\/tags?post=12340"}],"curies":[{"name":"wp","href":"https:\/\/api.w.org\/{rel}","templated":true}]}}