{"id":12548,"date":"2025-02-14T05:09:29","date_gmt":"2025-02-14T11:09:29","guid":{"rendered":"http:\/\/www.archivosfutmex.com\/wordpress\/?p=12548"},"modified":"2025-02-14T05:09:30","modified_gmt":"2025-02-14T11:09:30","slug":"lectura-de-hoy-viernes-14-febrero-2025-del-libro-de-los-hechos-de-los-apostoles-hechos-13-46-49","status":"publish","type":"post","link":"https:\/\/www.archivosfutmex.com\/wordpress\/archivos\/12548","title":{"rendered":"Lectura de Hoy Viernes 14 Febrero 2025, Del Libro de los Hechos de los Ap\u00f3stoles , Hechos 13, 46- 49"},"content":{"rendered":"\n<p>Hechos 13, 46-49<\/p>\n\n\n\n<p>En aquellos d\u00edas, Pablo y Bernab\u00e9 dijeron a los jud\u00edos: \u201cLa palabra de Dios deb\u00eda ser predicada primero a ustedes; pero como la rechazan y no se juzgan dignos de la vida eterna, nos dirigiremos a los paganos. As\u00ed nos lo ha ordenado el Se\u00f1or, cuando dijo:&nbsp;<em>Yo te he puesto como luz de los paganos, para que lleves la salvaci\u00f3n hasta los \u00faltimos rincones de la tierra\u201d.<\/em><br><br>Al enterarse de esto, los paganos se regocijaban y glorificaban la palabra de Dios, y abrazaron la fe todos aquellos que estaban destinados a la vida eterna. La palabra de Dios se iba propagando por toda la regi\u00f3n.<\/p>\n","protected":false},"excerpt":{"rendered":"<p>Hechos 13, 46-49 En aquellos d\u00edas, Pablo y Bernab\u00e9 dijeron a los jud\u00edos: \u201cLa palabra de Dios deb\u00eda ser predicada primero a ustedes; pero como la rechazan y no se juzgan dignos de la vida eterna, nos dirigiremos a los paganos. As\u00ed nos lo ha ordenado el Se\u00f1or, cuando dijo:&nbsp;Yo te he puesto como luz [&hellip;]<\/p>\n","protected":false},"author":2,"featured_media":0,"comment_status":"closed","ping_status":"closed","sticky":false,"template":"","format":"standard","meta":{"footnotes":""},"categories":[205],"tags":[],"class_list":["post-12548","post","type-post","status-publish","format-standard","hentry","category-primera-lectura"],"_links":{"self":[{"href":"https:\/\/www.archivosfutmex.com\/wordpress\/wp-json\/wp\/v2\/posts\/12548","targetHints":{"allow":["GET"]}}],"collection":[{"href":"https:\/\/www.archivosfutmex.com\/wordpress\/wp-json\/wp\/v2\/posts"}],"about":[{"href":"https:\/\/www.archivosfutmex.com\/wordpress\/wp-json\/wp\/v2\/types\/post"}],"author":[{"embeddable":true,"href":"https:\/\/www.archivosfutmex.com\/wordpress\/wp-json\/wp\/v2\/users\/2"}],"replies":[{"embeddable":true,"href":"https:\/\/www.archivosfutmex.com\/wordpress\/wp-json\/wp\/v2\/comments?post=12548"}],"version-history":[{"count":0,"href":"https:\/\/www.archivosfutmex.com\/wordpress\/wp-json\/wp\/v2\/posts\/12548\/revisions"}],"wp:attachment":[{"href":"https:\/\/www.archivosfutmex.com\/wordpress\/wp-json\/wp\/v2\/media?parent=12548"}],"wp:term":[{"taxonomy":"category","embeddable":true,"href":"https:\/\/www.archivosfutmex.com\/wordpress\/wp-json\/wp\/v2\/categories?post=12548"},{"taxonomy":"post_tag","embeddable":true,"href":"https:\/\/www.archivosfutmex.com\/wordpress\/wp-json\/wp\/v2\/tags?post=12548"}],"curies":[{"name":"wp","href":"https:\/\/api.w.org\/{rel}","templated":true}]}}