{"id":12556,"date":"2025-02-15T05:19:24","date_gmt":"2025-02-15T11:19:24","guid":{"rendered":"http:\/\/www.archivosfutmex.com\/wordpress\/?p=12556"},"modified":"2025-02-15T05:19:25","modified_gmt":"2025-02-15T11:19:25","slug":"oracion-colecta-hoy-sabado-15-febrero-2025","status":"publish","type":"post","link":"https:\/\/www.archivosfutmex.com\/wordpress\/archivos\/12556","title":{"rendered":"ORACI\u00d3N COLECTA Hoy S\u00e1bado 15 Febrero 2025"},"content":{"rendered":"\n<p>Padre celestial , que nos ha dado a Santa Mar\u00eda como madre y causa de nuestra alegr\u00eda, conc\u00e9denos amarla y venerada&nbsp; como verdaderos hijos suyos, y as\u00ed poder recibir los bienes de la fe que nos invitas a esperar. Por nuestro Se\u00f1or Jesucristo, tu Hijo, que vive y reina contigo en la unidad del Esp\u00edritu Santo y es Dios por los siglos de los siglos\u2026..Am\u00e9n<\/p>\n","protected":false},"excerpt":{"rendered":"<p>Padre celestial , que nos ha dado a Santa Mar\u00eda como madre y causa de nuestra alegr\u00eda, conc\u00e9denos amarla y venerada&nbsp; como verdaderos hijos suyos, y as\u00ed poder recibir los bienes de la fe que nos invitas a esperar. Por nuestro Se\u00f1or Jesucristo, tu Hijo, que vive y reina contigo en la unidad del Esp\u00edritu [&hellip;]<\/p>\n","protected":false},"author":2,"featured_media":0,"comment_status":"closed","ping_status":"closed","sticky":false,"template":"","format":"standard","meta":{"footnotes":""},"categories":[185],"tags":[],"class_list":["post-12556","post","type-post","status-publish","format-standard","hentry","category-oracion-colecta"],"_links":{"self":[{"href":"https:\/\/www.archivosfutmex.com\/wordpress\/wp-json\/wp\/v2\/posts\/12556","targetHints":{"allow":["GET"]}}],"collection":[{"href":"https:\/\/www.archivosfutmex.com\/wordpress\/wp-json\/wp\/v2\/posts"}],"about":[{"href":"https:\/\/www.archivosfutmex.com\/wordpress\/wp-json\/wp\/v2\/types\/post"}],"author":[{"embeddable":true,"href":"https:\/\/www.archivosfutmex.com\/wordpress\/wp-json\/wp\/v2\/users\/2"}],"replies":[{"embeddable":true,"href":"https:\/\/www.archivosfutmex.com\/wordpress\/wp-json\/wp\/v2\/comments?post=12556"}],"version-history":[{"count":0,"href":"https:\/\/www.archivosfutmex.com\/wordpress\/wp-json\/wp\/v2\/posts\/12556\/revisions"}],"wp:attachment":[{"href":"https:\/\/www.archivosfutmex.com\/wordpress\/wp-json\/wp\/v2\/media?parent=12556"}],"wp:term":[{"taxonomy":"category","embeddable":true,"href":"https:\/\/www.archivosfutmex.com\/wordpress\/wp-json\/wp\/v2\/categories?post=12556"},{"taxonomy":"post_tag","embeddable":true,"href":"https:\/\/www.archivosfutmex.com\/wordpress\/wp-json\/wp\/v2\/tags?post=12556"}],"curies":[{"name":"wp","href":"https:\/\/api.w.org\/{rel}","templated":true}]}}