{"id":12562,"date":"2025-02-15T05:30:19","date_gmt":"2025-02-15T11:30:19","guid":{"rendered":"http:\/\/www.archivosfutmex.com\/wordpress\/?p=12562"},"modified":"2025-02-15T05:30:20","modified_gmt":"2025-02-15T11:30:20","slug":"palabras-del-santo-padre-159","status":"publish","type":"post","link":"https:\/\/www.archivosfutmex.com\/wordpress\/archivos\/12562","title":{"rendered":"PALABRAS DEL SANTO PADRE"},"content":{"rendered":"\n<p>Ante la multitud que lo segu\u00eda y \u2014por decirlo as\u00ed\u2014 \u00abno lo dejaba en paz\u00bb, Jes\u00fas no reacciona con irritaci\u00f3n, no dice: \u00abEsta gente me molesta\u00bb. No, no. Sino que reacciona con un sentimiento de compasi\u00f3n, porque sabe que no lo buscan por curiosidad, sino por necesidad. Pero estemos atentos: compasi\u00f3n \u2014lo que siente Jes\u00fas\u2014 no es sencillamente sentir piedad; \u00a1es algo m\u00e1s! Significa\u00a0<em>com-patir<\/em>, es decir, identificarse con el sufrimiento de los dem\u00e1s, hasta el punto de cargarla sobre s\u00ed. As\u00ed es Jes\u00fas: sufre junto con nosotros, sufre con nosotros, sufre por nosotros. Y la se\u00f1al de esta compasi\u00f3n son las numerosas curaciones que hizo. Jes\u00fas nos ense\u00f1a a anteponer las necesidades de los pobres a las nuestras. Nuestras exigencias, incluso siendo leg\u00edtimas, no ser\u00e1n nunca tan urgentes como las de los pobres, que no tienen lo necesario para vivir. (\u00c1ngelus, 3 de agosto de 2014)<\/p>\n","protected":false},"excerpt":{"rendered":"<p>Ante la multitud que lo segu\u00eda y \u2014por decirlo as\u00ed\u2014 \u00abno lo dejaba en paz\u00bb, Jes\u00fas no reacciona con irritaci\u00f3n, no dice: \u00abEsta gente me molesta\u00bb. No, no. Sino que reacciona con un sentimiento de compasi\u00f3n, porque sabe que no lo buscan por curiosidad, sino por necesidad. Pero estemos atentos: compasi\u00f3n \u2014lo que siente Jes\u00fas\u2014 [&hellip;]<\/p>\n","protected":false},"author":2,"featured_media":0,"comment_status":"closed","ping_status":"closed","sticky":false,"template":"","format":"standard","meta":{"footnotes":""},"categories":[229],"tags":[],"class_list":["post-12562","post","type-post","status-publish","format-standard","hentry","category-palabras-del-santo-padre"],"_links":{"self":[{"href":"https:\/\/www.archivosfutmex.com\/wordpress\/wp-json\/wp\/v2\/posts\/12562","targetHints":{"allow":["GET"]}}],"collection":[{"href":"https:\/\/www.archivosfutmex.com\/wordpress\/wp-json\/wp\/v2\/posts"}],"about":[{"href":"https:\/\/www.archivosfutmex.com\/wordpress\/wp-json\/wp\/v2\/types\/post"}],"author":[{"embeddable":true,"href":"https:\/\/www.archivosfutmex.com\/wordpress\/wp-json\/wp\/v2\/users\/2"}],"replies":[{"embeddable":true,"href":"https:\/\/www.archivosfutmex.com\/wordpress\/wp-json\/wp\/v2\/comments?post=12562"}],"version-history":[{"count":0,"href":"https:\/\/www.archivosfutmex.com\/wordpress\/wp-json\/wp\/v2\/posts\/12562\/revisions"}],"wp:attachment":[{"href":"https:\/\/www.archivosfutmex.com\/wordpress\/wp-json\/wp\/v2\/media?parent=12562"}],"wp:term":[{"taxonomy":"category","embeddable":true,"href":"https:\/\/www.archivosfutmex.com\/wordpress\/wp-json\/wp\/v2\/categories?post=12562"},{"taxonomy":"post_tag","embeddable":true,"href":"https:\/\/www.archivosfutmex.com\/wordpress\/wp-json\/wp\/v2\/tags?post=12562"}],"curies":[{"name":"wp","href":"https:\/\/api.w.org\/{rel}","templated":true}]}}