{"id":12592,"date":"2025-02-17T14:41:12","date_gmt":"2025-02-17T20:41:12","guid":{"rendered":"http:\/\/www.archivosfutmex.com\/wordpress\/?p=12592"},"modified":"2025-02-17T14:41:13","modified_gmt":"2025-02-17T20:41:13","slug":"del-santo-evangelio-de-hoy-lunes-17-del-evangelio-segun-san-marcos-mc-8-11-13","status":"publish","type":"post","link":"https:\/\/www.archivosfutmex.com\/wordpress\/archivos\/12592","title":{"rendered":"Del Santo Evangelio de Hoy Lunes 17, Del Evangelio seg\u00fan San Marcos Mc 8, 11-13"},"content":{"rendered":"\n<p>Marcos 8, 11-13<\/p>\n\n\n\n<p>En aquel tiempo, se acercaron a Jes\u00fas los fariseos y se pusieron a discutir con \u00e9l, y para ponerlo a prueba, le ped\u00edan una se\u00f1al del cielo. Jes\u00fas suspir\u00f3 profundamente y dijo: \u00ab\u00bfPor qu\u00e9 esta gente busca una se\u00f1al? Les aseguro que a esta gente no se le dar\u00e1 ninguna se\u00f1al\u00bb.<br><br>Entonces los dej\u00f3, se embarc\u00f3 de nuevo y se fue a la otra orilla.<\/p>\n\n\n\n<figure class=\"wp-block-image\"><img decoding=\"async\" src=\"https:\/\/www.vaticannews.va\/etc\/designs\/vatican-news\/release\/library\/main\/images\/support-comunicazione-banner-v2.png\" alt=\"Su contribuci\u00f3n a una gran misi\u00f3n: apoyarnos para llevar la palabra del Papa a todos los hogares\" title=\"Su contribuci\u00f3n a una gran misi\u00f3n: apoyarnos para llevar la palabra del Papa a todos los hogares\"\/><\/figure>\n\n\n\n<p><a href=\"https:\/\/www.comunicazione.va\/en\/sostienici\/es.html\" target=\"_blank\" rel=\"noreferrer noopener\"><\/a><a href=\"https:\/\/www.comunicazione.va\/en\/sostienici\/es.html\" target=\"_blank\" rel=\"noreferrer noopener\"><\/a><\/p>\n","protected":false},"excerpt":{"rendered":"<p>Marcos 8, 11-13 En aquel tiempo, se acercaron a Jes\u00fas los fariseos y se pusieron a discutir con \u00e9l, y para ponerlo a prueba, le ped\u00edan una se\u00f1al del cielo. Jes\u00fas suspir\u00f3 profundamente y dijo: \u00ab\u00bfPor qu\u00e9 esta gente busca una se\u00f1al? Les aseguro que a esta gente no se le dar\u00e1 ninguna se\u00f1al\u00bb. Entonces [&hellip;]<\/p>\n","protected":false},"author":2,"featured_media":0,"comment_status":"closed","ping_status":"closed","sticky":false,"template":"","format":"standard","meta":{"footnotes":""},"categories":[165],"tags":[],"class_list":["post-12592","post","type-post","status-publish","format-standard","hentry","category-evangelio-de-hoy"],"_links":{"self":[{"href":"https:\/\/www.archivosfutmex.com\/wordpress\/wp-json\/wp\/v2\/posts\/12592","targetHints":{"allow":["GET"]}}],"collection":[{"href":"https:\/\/www.archivosfutmex.com\/wordpress\/wp-json\/wp\/v2\/posts"}],"about":[{"href":"https:\/\/www.archivosfutmex.com\/wordpress\/wp-json\/wp\/v2\/types\/post"}],"author":[{"embeddable":true,"href":"https:\/\/www.archivosfutmex.com\/wordpress\/wp-json\/wp\/v2\/users\/2"}],"replies":[{"embeddable":true,"href":"https:\/\/www.archivosfutmex.com\/wordpress\/wp-json\/wp\/v2\/comments?post=12592"}],"version-history":[{"count":0,"href":"https:\/\/www.archivosfutmex.com\/wordpress\/wp-json\/wp\/v2\/posts\/12592\/revisions"}],"wp:attachment":[{"href":"https:\/\/www.archivosfutmex.com\/wordpress\/wp-json\/wp\/v2\/media?parent=12592"}],"wp:term":[{"taxonomy":"category","embeddable":true,"href":"https:\/\/www.archivosfutmex.com\/wordpress\/wp-json\/wp\/v2\/categories?post=12592"},{"taxonomy":"post_tag","embeddable":true,"href":"https:\/\/www.archivosfutmex.com\/wordpress\/wp-json\/wp\/v2\/tags?post=12592"}],"curies":[{"name":"wp","href":"https:\/\/api.w.org\/{rel}","templated":true}]}}