{"id":12937,"date":"2025-03-18T06:44:39","date_gmt":"2025-03-18T12:44:39","guid":{"rendered":"http:\/\/www.archivosfutmex.com\/wordpress\/?p=12937"},"modified":"2025-03-18T06:44:39","modified_gmt":"2025-03-18T12:44:39","slug":"oracion-colecta-hoy-martes-18-marzo-2025","status":"publish","type":"post","link":"https:\/\/www.archivosfutmex.com\/wordpress\/archivos\/12937","title":{"rendered":"ORACION COLECTA Hoy Martes 18 Marzo 2025"},"content":{"rendered":"\n<p>Dios nuestro, que por medio del obispo san Cirilo de Jerusal\u00e9n condujiste admirablemente a tu Iglesia a comprender con m\u00e1s profundidad los misterios de la salvaci\u00f3n , conc\u00e9denos , por su intercesi\u00f3n , conocer de tal manera a tu Hijo, que podamos participar abundantemente de su vida divina , El , que vive y reina contigo en la unidad del Esp\u00edritu Santo y es Dios por los siglos de los siglos \u2026..Am\u00e9n\u2026..<\/p>\n","protected":false},"excerpt":{"rendered":"<p>Dios nuestro, que por medio del obispo san Cirilo de Jerusal\u00e9n condujiste admirablemente a tu Iglesia a comprender con m\u00e1s profundidad los misterios de la salvaci\u00f3n , conc\u00e9denos , por su intercesi\u00f3n , conocer de tal manera a tu Hijo, que podamos participar abundantemente de su vida divina , El , que vive y reina [&hellip;]<\/p>\n","protected":false},"author":2,"featured_media":0,"comment_status":"closed","ping_status":"closed","sticky":false,"template":"","format":"standard","meta":{"footnotes":""},"categories":[185],"tags":[],"class_list":["post-12937","post","type-post","status-publish","format-standard","hentry","category-oracion-colecta"],"_links":{"self":[{"href":"https:\/\/www.archivosfutmex.com\/wordpress\/wp-json\/wp\/v2\/posts\/12937","targetHints":{"allow":["GET"]}}],"collection":[{"href":"https:\/\/www.archivosfutmex.com\/wordpress\/wp-json\/wp\/v2\/posts"}],"about":[{"href":"https:\/\/www.archivosfutmex.com\/wordpress\/wp-json\/wp\/v2\/types\/post"}],"author":[{"embeddable":true,"href":"https:\/\/www.archivosfutmex.com\/wordpress\/wp-json\/wp\/v2\/users\/2"}],"replies":[{"embeddable":true,"href":"https:\/\/www.archivosfutmex.com\/wordpress\/wp-json\/wp\/v2\/comments?post=12937"}],"version-history":[{"count":0,"href":"https:\/\/www.archivosfutmex.com\/wordpress\/wp-json\/wp\/v2\/posts\/12937\/revisions"}],"wp:attachment":[{"href":"https:\/\/www.archivosfutmex.com\/wordpress\/wp-json\/wp\/v2\/media?parent=12937"}],"wp:term":[{"taxonomy":"category","embeddable":true,"href":"https:\/\/www.archivosfutmex.com\/wordpress\/wp-json\/wp\/v2\/categories?post=12937"},{"taxonomy":"post_tag","embeddable":true,"href":"https:\/\/www.archivosfutmex.com\/wordpress\/wp-json\/wp\/v2\/tags?post=12937"}],"curies":[{"name":"wp","href":"https:\/\/api.w.org\/{rel}","templated":true}]}}