{"id":12952,"date":"2025-03-19T08:53:45","date_gmt":"2025-03-19T14:53:45","guid":{"rendered":"http:\/\/www.archivosfutmex.com\/wordpress\/?p=12952"},"modified":"2025-03-19T08:53:45","modified_gmt":"2025-03-19T14:53:45","slug":"oracion-colecta-hoy-miercoles-19-marzo-2025","status":"publish","type":"post","link":"https:\/\/www.archivosfutmex.com\/wordpress\/archivos\/12952","title":{"rendered":"ORACION COLECTA Hoy Mi\u00e9rcoles 19 Marzo 2025"},"content":{"rendered":"\n<p>Dios todopoderoso , que quisiste poner bajo la protecci\u00f3n de san Jos\u00e9 el nacimiento y la infancia de nuestro Redentor , conc\u00e9dele a tu Iglesia proseguir y llevar a t\u00e9rmino , bajo su patrocinio , la obra de la redenci\u00f3n humana. Por nuestro Se\u00f1or Jesucristo , tu Hijo, que vive y reina contigo en la unidad del Esp\u00edritu Santo y Dios por los siglos de los siglos\u2026\u2026Am\u00e9n<\/p>\n","protected":false},"excerpt":{"rendered":"<p>Dios todopoderoso , que quisiste poner bajo la protecci\u00f3n de san Jos\u00e9 el nacimiento y la infancia de nuestro Redentor , conc\u00e9dele a tu Iglesia proseguir y llevar a t\u00e9rmino , bajo su patrocinio , la obra de la redenci\u00f3n humana. Por nuestro Se\u00f1or Jesucristo , tu Hijo, que vive y reina contigo en la [&hellip;]<\/p>\n","protected":false},"author":2,"featured_media":0,"comment_status":"closed","ping_status":"closed","sticky":false,"template":"","format":"standard","meta":{"footnotes":""},"categories":[185],"tags":[],"class_list":["post-12952","post","type-post","status-publish","format-standard","hentry","category-oracion-colecta"],"_links":{"self":[{"href":"https:\/\/www.archivosfutmex.com\/wordpress\/wp-json\/wp\/v2\/posts\/12952","targetHints":{"allow":["GET"]}}],"collection":[{"href":"https:\/\/www.archivosfutmex.com\/wordpress\/wp-json\/wp\/v2\/posts"}],"about":[{"href":"https:\/\/www.archivosfutmex.com\/wordpress\/wp-json\/wp\/v2\/types\/post"}],"author":[{"embeddable":true,"href":"https:\/\/www.archivosfutmex.com\/wordpress\/wp-json\/wp\/v2\/users\/2"}],"replies":[{"embeddable":true,"href":"https:\/\/www.archivosfutmex.com\/wordpress\/wp-json\/wp\/v2\/comments?post=12952"}],"version-history":[{"count":0,"href":"https:\/\/www.archivosfutmex.com\/wordpress\/wp-json\/wp\/v2\/posts\/12952\/revisions"}],"wp:attachment":[{"href":"https:\/\/www.archivosfutmex.com\/wordpress\/wp-json\/wp\/v2\/media?parent=12952"}],"wp:term":[{"taxonomy":"category","embeddable":true,"href":"https:\/\/www.archivosfutmex.com\/wordpress\/wp-json\/wp\/v2\/categories?post=12952"},{"taxonomy":"post_tag","embeddable":true,"href":"https:\/\/www.archivosfutmex.com\/wordpress\/wp-json\/wp\/v2\/tags?post=12952"}],"curies":[{"name":"wp","href":"https:\/\/api.w.org\/{rel}","templated":true}]}}