{"id":13130,"date":"2025-04-01T16:11:00","date_gmt":"2025-04-01T22:11:00","guid":{"rendered":"http:\/\/www.archivosfutmex.com\/wordpress\/?p=13130"},"modified":"2025-04-01T16:11:00","modified_gmt":"2025-04-01T22:11:00","slug":"hoy-en-la-misa-de-730-am-en-la-iglesia-catolica-del-senor-de-la-asencion-en-la-colonia-de-fabrica-de-atemajac-asistieron-46-fieles-15-hombres-y-29-mujeres-oficio-la-misa-el-padre-aldo","status":"publish","type":"post","link":"https:\/\/www.archivosfutmex.com\/wordpress\/archivos\/13130","title":{"rendered":"Hoy en La Misa de 7:30 Am en La Iglesia Cat\u00f3lica del Se\u00f1or de la Asenci\u00f3n en La Colonia de F\u00e1brica de Atemajac Asistieron 46 Fieles , 15 Hombres y 29 Mujeres , Ofici\u00f3 La Misa el Padre Aldo"},"content":{"rendered":"","protected":false},"excerpt":{"rendered":"","protected":false},"author":2,"featured_media":0,"comment_status":"closed","ping_status":"closed","sticky":false,"template":"","format":"standard","meta":{"footnotes":""},"categories":[332],"tags":[],"class_list":["post-13130","post","type-post","status-publish","format-standard","hentry","category-asistencia-numero-de-fieles-en-las-misas-de-las-iglesias-catolicas-de-guadalajara-jalisco-mexico"],"_links":{"self":[{"href":"https:\/\/www.archivosfutmex.com\/wordpress\/wp-json\/wp\/v2\/posts\/13130","targetHints":{"allow":["GET"]}}],"collection":[{"href":"https:\/\/www.archivosfutmex.com\/wordpress\/wp-json\/wp\/v2\/posts"}],"about":[{"href":"https:\/\/www.archivosfutmex.com\/wordpress\/wp-json\/wp\/v2\/types\/post"}],"author":[{"embeddable":true,"href":"https:\/\/www.archivosfutmex.com\/wordpress\/wp-json\/wp\/v2\/users\/2"}],"replies":[{"embeddable":true,"href":"https:\/\/www.archivosfutmex.com\/wordpress\/wp-json\/wp\/v2\/comments?post=13130"}],"version-history":[{"count":0,"href":"https:\/\/www.archivosfutmex.com\/wordpress\/wp-json\/wp\/v2\/posts\/13130\/revisions"}],"wp:attachment":[{"href":"https:\/\/www.archivosfutmex.com\/wordpress\/wp-json\/wp\/v2\/media?parent=13130"}],"wp:term":[{"taxonomy":"category","embeddable":true,"href":"https:\/\/www.archivosfutmex.com\/wordpress\/wp-json\/wp\/v2\/categories?post=13130"},{"taxonomy":"post_tag","embeddable":true,"href":"https:\/\/www.archivosfutmex.com\/wordpress\/wp-json\/wp\/v2\/tags?post=13130"}],"curies":[{"name":"wp","href":"https:\/\/api.w.org\/{rel}","templated":true}]}}