{"id":13141,"date":"2025-04-01T20:55:08","date_gmt":"2025-04-02T02:55:08","guid":{"rendered":"http:\/\/www.archivosfutmex.com\/wordpress\/?p=13141"},"modified":"2025-04-01T20:55:09","modified_gmt":"2025-04-02T02:55:09","slug":"lectura-de-manana-hoy-miercoles-2-abril-2025-del-libro-de-isaias-is-49-8-15","status":"publish","type":"post","link":"https:\/\/www.archivosfutmex.com\/wordpress\/archivos\/13141","title":{"rendered":"Lectura de Ma\u00f1ana (Hoy) Mi\u00e9rcoles 2 Abril 2025, Del Libro de Isa\u00edas Is 49, 8-15"},"content":{"rendered":"\n<p>Esto dice el Se\u00f1or:<br>\u00abEn el tiempo de la misericordia te escuch\u00e9,<br>en el d\u00eda de la salvaci\u00f3n te auxili\u00e9.<br>Yo te form\u00e9 y te he destinado para que seas alianza del pueblo:<br>para restaurar la tierra,<br>para volver a ocupar los hogares destruidos,<br>para decir a los prisioneros: &#8216;Salgan&#8217;,<br>y a los que est\u00e1n en tinieblas: &#8216;Vengan a la luz&#8217;.<\/p>\n\n\n\n<p>Pastar\u00e1n de regreso a lo largo de todos los caminos,<br>hallar\u00e1n pasto hasta en las dunas del desierto.<br>No sufrir\u00e1n hambre ni sed,<br>no los afligir\u00e1 el sol ni el calor,<br>porque el que tiene piedad de ellos<br>los conducir\u00e1 a los manantiales.<br>Convertir\u00e9 en caminos todas las monta\u00f1as<br>y pondr\u00e1n terrapl\u00e9n a mis calzadas.<\/p>\n\n\n\n<p>Miren: \u00e9stos vienen de lejos;<br>aqu\u00e9llos, del norte y del poniente,<br>y aquellos otros, de la tierra de Senim.<\/p>\n\n\n\n<p>Griten de alegr\u00eda, cielos; regoc\u00edjate, tierra;<br>rompan a cantar, monta\u00f1as,<br>porque el Se\u00f1or consuela a su pueblo<br>y tiene misericordia de los desamparados.<br>Si\u00f3n hab\u00eda dicho: &#8216;El Se\u00f1or me ha abandonado,<br>el Se\u00f1or me tiene en el olvido&#8217;.<br>\u00bfPuede acaso una madre olvidarse de su creatura<br>hasta dejar de enternecerse por el hijo de sus entra\u00f1as?<br>Aunque hubiera una madre que se olvidara,<br>yo nunca me olvidar\u00e9 de ti\u00bb,<br>dice el Se\u00f1or todopoderoso.<\/p>\n","protected":false},"excerpt":{"rendered":"<p>Esto dice el Se\u00f1or:\u00abEn el tiempo de la misericordia te escuch\u00e9,en el d\u00eda de la salvaci\u00f3n te auxili\u00e9.Yo te form\u00e9 y te he destinado para que seas alianza del pueblo:para restaurar la tierra,para volver a ocupar los hogares destruidos,para decir a los prisioneros: &#8216;Salgan&#8217;,y a los que est\u00e1n en tinieblas: &#8216;Vengan a la luz&#8217;. Pastar\u00e1n [&hellip;]<\/p>\n","protected":false},"author":2,"featured_media":0,"comment_status":"closed","ping_status":"closed","sticky":false,"template":"","format":"standard","meta":{"footnotes":""},"categories":[205],"tags":[],"class_list":["post-13141","post","type-post","status-publish","format-standard","hentry","category-primera-lectura"],"_links":{"self":[{"href":"https:\/\/www.archivosfutmex.com\/wordpress\/wp-json\/wp\/v2\/posts\/13141","targetHints":{"allow":["GET"]}}],"collection":[{"href":"https:\/\/www.archivosfutmex.com\/wordpress\/wp-json\/wp\/v2\/posts"}],"about":[{"href":"https:\/\/www.archivosfutmex.com\/wordpress\/wp-json\/wp\/v2\/types\/post"}],"author":[{"embeddable":true,"href":"https:\/\/www.archivosfutmex.com\/wordpress\/wp-json\/wp\/v2\/users\/2"}],"replies":[{"embeddable":true,"href":"https:\/\/www.archivosfutmex.com\/wordpress\/wp-json\/wp\/v2\/comments?post=13141"}],"version-history":[{"count":0,"href":"https:\/\/www.archivosfutmex.com\/wordpress\/wp-json\/wp\/v2\/posts\/13141\/revisions"}],"wp:attachment":[{"href":"https:\/\/www.archivosfutmex.com\/wordpress\/wp-json\/wp\/v2\/media?parent=13141"}],"wp:term":[{"taxonomy":"category","embeddable":true,"href":"https:\/\/www.archivosfutmex.com\/wordpress\/wp-json\/wp\/v2\/categories?post=13141"},{"taxonomy":"post_tag","embeddable":true,"href":"https:\/\/www.archivosfutmex.com\/wordpress\/wp-json\/wp\/v2\/tags?post=13141"}],"curies":[{"name":"wp","href":"https:\/\/api.w.org\/{rel}","templated":true}]}}