{"id":13163,"date":"2025-04-03T23:30:09","date_gmt":"2025-04-04T05:30:09","guid":{"rendered":"http:\/\/www.archivosfutmex.com\/wordpress\/?p=13163"},"modified":"2025-04-03T23:30:10","modified_gmt":"2025-04-04T05:30:10","slug":"palabras-del-santo-padre-187","status":"publish","type":"post","link":"https:\/\/www.archivosfutmex.com\/wordpress\/archivos\/13163","title":{"rendered":"PALABRAS DEL SANTO PADRE"},"content":{"rendered":"\n<p>El Padre siempre ha estado presente en la vida de Jes\u00fas y Jes\u00fas hablaba de esto. Jes\u00fas rezaba al Padre. Y muchas veces, hablaba del Padre que cuida de nosotros, como cuida de los p\u00e1jaros, de los lirios del campo&#8230; Y cuando los disc\u00edpulos le pidieron que les ense\u00f1ara a orar, Jes\u00fas ense\u00f1\u00f3 a orar al Padre: \u00ab<em>Padre<\/em>\u00a0nuestro\u00bb (<em>Mt<\/em>\u00a06,9). Siempre va [se dirige] al Padre. Esta confianza en el Padre, confianza en el Padre que es capaz de hacer todo. Este valor para rezar, porque rezar requiere valent\u00eda.\u00a0Orar es ir con Jes\u00fas al Padre que te dar\u00e1 todo. \u00a0As\u00ed sigue adelante la Iglesia, con la oraci\u00f3n, la valent\u00eda de la oraci\u00f3n, porque la Iglesia sabe que sin esta subida al Padre no puede sobrevivir. (Homil\u00eda Santa Marta, 10 de mayo de 2020)<\/p>\n","protected":false},"excerpt":{"rendered":"<p>El Padre siempre ha estado presente en la vida de Jes\u00fas y Jes\u00fas hablaba de esto. Jes\u00fas rezaba al Padre. Y muchas veces, hablaba del Padre que cuida de nosotros, como cuida de los p\u00e1jaros, de los lirios del campo&#8230; Y cuando los disc\u00edpulos le pidieron que les ense\u00f1ara a orar, Jes\u00fas ense\u00f1\u00f3 a orar [&hellip;]<\/p>\n","protected":false},"author":2,"featured_media":0,"comment_status":"closed","ping_status":"closed","sticky":false,"template":"","format":"standard","meta":{"footnotes":""},"categories":[229],"tags":[],"class_list":["post-13163","post","type-post","status-publish","format-standard","hentry","category-palabras-del-santo-padre"],"_links":{"self":[{"href":"https:\/\/www.archivosfutmex.com\/wordpress\/wp-json\/wp\/v2\/posts\/13163","targetHints":{"allow":["GET"]}}],"collection":[{"href":"https:\/\/www.archivosfutmex.com\/wordpress\/wp-json\/wp\/v2\/posts"}],"about":[{"href":"https:\/\/www.archivosfutmex.com\/wordpress\/wp-json\/wp\/v2\/types\/post"}],"author":[{"embeddable":true,"href":"https:\/\/www.archivosfutmex.com\/wordpress\/wp-json\/wp\/v2\/users\/2"}],"replies":[{"embeddable":true,"href":"https:\/\/www.archivosfutmex.com\/wordpress\/wp-json\/wp\/v2\/comments?post=13163"}],"version-history":[{"count":0,"href":"https:\/\/www.archivosfutmex.com\/wordpress\/wp-json\/wp\/v2\/posts\/13163\/revisions"}],"wp:attachment":[{"href":"https:\/\/www.archivosfutmex.com\/wordpress\/wp-json\/wp\/v2\/media?parent=13163"}],"wp:term":[{"taxonomy":"category","embeddable":true,"href":"https:\/\/www.archivosfutmex.com\/wordpress\/wp-json\/wp\/v2\/categories?post=13163"},{"taxonomy":"post_tag","embeddable":true,"href":"https:\/\/www.archivosfutmex.com\/wordpress\/wp-json\/wp\/v2\/tags?post=13163"}],"curies":[{"name":"wp","href":"https:\/\/api.w.org\/{rel}","templated":true}]}}