{"id":13166,"date":"2025-04-05T07:03:02","date_gmt":"2025-04-05T13:03:02","guid":{"rendered":"https:\/\/www.archivosfutmex.com\/wordpress\/?p=13166"},"modified":"2025-04-05T07:03:02","modified_gmt":"2025-04-05T13:03:02","slug":"oracion-colecta-hoy-sabado-5-abril-2025","status":"publish","type":"post","link":"https:\/\/www.archivosfutmex.com\/wordpress\/archivos\/13166","title":{"rendered":"ORACI\u00d3N COLECTA Hoy S\u00e1bado 5 Abril 2025"},"content":{"rendered":"\n<p>Dios nuestro, que elegiste a San Vicente Ferrer; presb\u00edtero, como predicador infatigable del Evangelio , conc\u00e9denos ver dichosos , reinar en el cielo a quien el anuncio en la tierra como juez que hab\u00eda de venir . Por nuestro Se\u00f1or Jesucristo, tu Hijo, que vive y reina contigo en la unidad del Esp\u00edritu Santo y es Dios por los siglos de los siglos \u2026\u2026Am\u00e9n<\/p>\n","protected":false},"excerpt":{"rendered":"<p>Dios nuestro, que elegiste a San Vicente Ferrer; presb\u00edtero, como predicador infatigable del Evangelio , conc\u00e9denos ver dichosos , reinar en el cielo a quien el anuncio en la tierra como juez que hab\u00eda de venir . Por nuestro Se\u00f1or Jesucristo, tu Hijo, que vive y reina contigo en la unidad del Esp\u00edritu Santo y [&hellip;]<\/p>\n","protected":false},"author":2,"featured_media":0,"comment_status":"closed","ping_status":"closed","sticky":false,"template":"","format":"standard","meta":{"footnotes":""},"categories":[185],"tags":[],"class_list":["post-13166","post","type-post","status-publish","format-standard","hentry","category-oracion-colecta"],"_links":{"self":[{"href":"https:\/\/www.archivosfutmex.com\/wordpress\/wp-json\/wp\/v2\/posts\/13166","targetHints":{"allow":["GET"]}}],"collection":[{"href":"https:\/\/www.archivosfutmex.com\/wordpress\/wp-json\/wp\/v2\/posts"}],"about":[{"href":"https:\/\/www.archivosfutmex.com\/wordpress\/wp-json\/wp\/v2\/types\/post"}],"author":[{"embeddable":true,"href":"https:\/\/www.archivosfutmex.com\/wordpress\/wp-json\/wp\/v2\/users\/2"}],"replies":[{"embeddable":true,"href":"https:\/\/www.archivosfutmex.com\/wordpress\/wp-json\/wp\/v2\/comments?post=13166"}],"version-history":[{"count":0,"href":"https:\/\/www.archivosfutmex.com\/wordpress\/wp-json\/wp\/v2\/posts\/13166\/revisions"}],"wp:attachment":[{"href":"https:\/\/www.archivosfutmex.com\/wordpress\/wp-json\/wp\/v2\/media?parent=13166"}],"wp:term":[{"taxonomy":"category","embeddable":true,"href":"https:\/\/www.archivosfutmex.com\/wordpress\/wp-json\/wp\/v2\/categories?post=13166"},{"taxonomy":"post_tag","embeddable":true,"href":"https:\/\/www.archivosfutmex.com\/wordpress\/wp-json\/wp\/v2\/tags?post=13166"}],"curies":[{"name":"wp","href":"https:\/\/api.w.org\/{rel}","templated":true}]}}