{"id":13168,"date":"2025-04-05T07:16:07","date_gmt":"2025-04-05T13:16:07","guid":{"rendered":"https:\/\/www.archivosfutmex.com\/wordpress\/?p=13168"},"modified":"2025-04-05T07:16:07","modified_gmt":"2025-04-05T13:16:07","slug":"lectura-de-hoy-sabado-5-abril-2025-del-libro-de-jeremias-11-18-20","status":"publish","type":"post","link":"https:\/\/www.archivosfutmex.com\/wordpress\/archivos\/13168","title":{"rendered":"Lectura de Hoy S\u00e1bado 5 Abril 2025, Del Libro de Jerem\u00edas 11, 18-20"},"content":{"rendered":"\n<p>Jerem\u03afas 11, 18-20<\/p>\n\n\n\n<p>En aquel tiempo, dijo Jerem\u00edas: \u00abEl Se\u00f1or me instruy\u00f3 y yo comprend\u00ed; \u00e9l me explic\u00f3 lo que hac\u00edan. Yo era como un manso cordero que es llevado a degollar, y no sab\u00eda lo que tramaban contra m\u00ed, diciendo: &#8216;Talemos el \u00e1rbol en su pleno vigor, arranqu\u00e9moslo de la tierra de los vivos y que su nombre no se pronuncie m\u00e1s&#8217;.<br><br>Ahora t\u00fa, Se\u00f1or de los ej\u00e9rcitos, justo juez,<br>que sondeas lo m\u00e1s \u00edntimo del coraz\u00f3n,<br>haz que yo vea tu venganza contra ellos,<br>porque a ti he encomendado mi causa\u00bb.<\/p>\n","protected":false},"excerpt":{"rendered":"<p>Jerem\u03afas 11, 18-20 En aquel tiempo, dijo Jerem\u00edas: \u00abEl Se\u00f1or me instruy\u00f3 y yo comprend\u00ed; \u00e9l me explic\u00f3 lo que hac\u00edan. Yo era como un manso cordero que es llevado a degollar, y no sab\u00eda lo que tramaban contra m\u00ed, diciendo: &#8216;Talemos el \u00e1rbol en su pleno vigor, arranqu\u00e9moslo de la tierra de los vivos [&hellip;]<\/p>\n","protected":false},"author":2,"featured_media":0,"comment_status":"closed","ping_status":"closed","sticky":false,"template":"","format":"standard","meta":{"footnotes":""},"categories":[205],"tags":[],"class_list":["post-13168","post","type-post","status-publish","format-standard","hentry","category-primera-lectura"],"_links":{"self":[{"href":"https:\/\/www.archivosfutmex.com\/wordpress\/wp-json\/wp\/v2\/posts\/13168","targetHints":{"allow":["GET"]}}],"collection":[{"href":"https:\/\/www.archivosfutmex.com\/wordpress\/wp-json\/wp\/v2\/posts"}],"about":[{"href":"https:\/\/www.archivosfutmex.com\/wordpress\/wp-json\/wp\/v2\/types\/post"}],"author":[{"embeddable":true,"href":"https:\/\/www.archivosfutmex.com\/wordpress\/wp-json\/wp\/v2\/users\/2"}],"replies":[{"embeddable":true,"href":"https:\/\/www.archivosfutmex.com\/wordpress\/wp-json\/wp\/v2\/comments?post=13168"}],"version-history":[{"count":0,"href":"https:\/\/www.archivosfutmex.com\/wordpress\/wp-json\/wp\/v2\/posts\/13168\/revisions"}],"wp:attachment":[{"href":"https:\/\/www.archivosfutmex.com\/wordpress\/wp-json\/wp\/v2\/media?parent=13168"}],"wp:term":[{"taxonomy":"category","embeddable":true,"href":"https:\/\/www.archivosfutmex.com\/wordpress\/wp-json\/wp\/v2\/categories?post=13168"},{"taxonomy":"post_tag","embeddable":true,"href":"https:\/\/www.archivosfutmex.com\/wordpress\/wp-json\/wp\/v2\/tags?post=13168"}],"curies":[{"name":"wp","href":"https:\/\/api.w.org\/{rel}","templated":true}]}}