{"id":13208,"date":"2025-04-06T23:28:34","date_gmt":"2025-04-07T05:28:34","guid":{"rendered":"http:\/\/www.archivosfutmex.com\/wordpress\/?p=13208"},"modified":"2025-04-06T23:28:34","modified_gmt":"2025-04-07T05:28:34","slug":"oracion-colecta-de-hoy-lunes-7-de-abril-2025","status":"publish","type":"post","link":"https:\/\/www.archivosfutmex.com\/wordpress\/archivos\/13208","title":{"rendered":"ORACION COLECTA De Hoy Lunes 7 de Abril 2025"},"content":{"rendered":"\n<p>Dios Nuestro, que elegiste a San Juan Bautista de la Salle para educar cristianamente a la juventud , suscita en tu Iglesia maestros que se consagren de todo coraz\u00f3n a la formaci\u00f3n humana y cristiana de los j\u00f3venes . Por nuestro Se\u00f1or Jesucristo, tu Hijo que vive y reina contigo en la unidad del Esp\u00edritu Santo&nbsp; y es Dios por los siglos de los siglos\u2026.Am\u00e9n<\/p>\n","protected":false},"excerpt":{"rendered":"<p>Dios Nuestro, que elegiste a San Juan Bautista de la Salle para educar cristianamente a la juventud , suscita en tu Iglesia maestros que se consagren de todo coraz\u00f3n a la formaci\u00f3n humana y cristiana de los j\u00f3venes . Por nuestro Se\u00f1or Jesucristo, tu Hijo que vive y reina contigo en la unidad del Esp\u00edritu [&hellip;]<\/p>\n","protected":false},"author":2,"featured_media":0,"comment_status":"closed","ping_status":"closed","sticky":false,"template":"","format":"standard","meta":{"footnotes":""},"categories":[185],"tags":[],"class_list":["post-13208","post","type-post","status-publish","format-standard","hentry","category-oracion-colecta"],"_links":{"self":[{"href":"https:\/\/www.archivosfutmex.com\/wordpress\/wp-json\/wp\/v2\/posts\/13208","targetHints":{"allow":["GET"]}}],"collection":[{"href":"https:\/\/www.archivosfutmex.com\/wordpress\/wp-json\/wp\/v2\/posts"}],"about":[{"href":"https:\/\/www.archivosfutmex.com\/wordpress\/wp-json\/wp\/v2\/types\/post"}],"author":[{"embeddable":true,"href":"https:\/\/www.archivosfutmex.com\/wordpress\/wp-json\/wp\/v2\/users\/2"}],"replies":[{"embeddable":true,"href":"https:\/\/www.archivosfutmex.com\/wordpress\/wp-json\/wp\/v2\/comments?post=13208"}],"version-history":[{"count":0,"href":"https:\/\/www.archivosfutmex.com\/wordpress\/wp-json\/wp\/v2\/posts\/13208\/revisions"}],"wp:attachment":[{"href":"https:\/\/www.archivosfutmex.com\/wordpress\/wp-json\/wp\/v2\/media?parent=13208"}],"wp:term":[{"taxonomy":"category","embeddable":true,"href":"https:\/\/www.archivosfutmex.com\/wordpress\/wp-json\/wp\/v2\/categories?post=13208"},{"taxonomy":"post_tag","embeddable":true,"href":"https:\/\/www.archivosfutmex.com\/wordpress\/wp-json\/wp\/v2\/tags?post=13208"}],"curies":[{"name":"wp","href":"https:\/\/api.w.org\/{rel}","templated":true}]}}