{"id":13212,"date":"2025-04-06T23:42:14","date_gmt":"2025-04-07T05:42:14","guid":{"rendered":"http:\/\/www.archivosfutmex.com\/wordpress\/?p=13212"},"modified":"2025-04-06T23:42:15","modified_gmt":"2025-04-07T05:42:15","slug":"el-evangelio-de-hoy-lunes-7-del-evangelio-de-san-juan-jn-8-12-20","status":"publish","type":"post","link":"https:\/\/www.archivosfutmex.com\/wordpress\/archivos\/13212","title":{"rendered":"El Evangelio de Hoy Lunes 7, Del Evangelio de San Juan, Jn 8, 12- 20"},"content":{"rendered":"\n<p>En aquel tiempo, Jes\u00fas dijo a los fariseos: \u201cYo soy la luz del mundo; el que me sigue no caminar\u00e1 en la oscuridad y tendr\u00e1 la luz de la vida\u201d.<br><br>Los fariseos le dijeron a Jes\u00fas: \u201cT\u00fa das testimonio de ti mismo; tu testimonio no es v\u00e1lido\u201d. Jes\u00fas les respondi\u00f3: \u201cAunque yo mismo d\u00e9 testimonio en mi favor, mi testimonio es v\u00e1lido, porque s\u00e9 de d\u00f3nde vengo y a d\u00f3nde voy; en cambio, ustedes no saben de d\u00f3nde vengo ni a d\u00f3nde voy. Ustedes juzgan por las apariencias. Yo no juzgo a nadie; pero si alguna vez juzgo, mi juicio es v\u00e1lido, porque yo no estoy solo: el Padre, que me ha enviado, est\u00e1 conmigo. Y en la ley de ustedes est\u00e1 escrito que el testimonio de dos personas es v\u00e1lido. Yo doy testimonio de m\u00ed mismo y tambi\u00e9n el Padre, que me ha enviado, da testimonio sobre m\u00ed\u201d.<br><br>Entonces le preguntaron: \u201c\u00bfD\u00f3nde est\u00e1 tu Padre?\u201d Jes\u00fas les contest\u00f3: \u201cUstedes no me conocen a m\u00ed ni a mi Padre; si me conocieran a m\u00ed, conocer\u00edan tambi\u00e9n a mi Padre\u201d.<br><br>Estas palabras las pronunci\u00f3 junto al cepo de las limosnas, cuando ense\u00f1aba en el templo. Y nadie le ech\u00f3 mano, porque todav\u00eda no hab\u00eda llegado su hora.<\/p>\n\n\n\n<p><a href=\"https:\/\/www.comunicazione.va\/en\/sostienici\/es.html\" target=\"_blank\" rel=\"noreferrer noopener\"><\/a><a href=\"https:\/\/www.comunicazione.va\/en\/sostienici\/es.html\" target=\"_blank\" rel=\"noreferrer noopener\"><\/a><\/p>\n\n\n\n<p><\/p>\n\n\n\n<p><\/p>\n\n\n\n<p><\/p>\n\n\n\n<p><\/p>\n\n\n\n<p><\/p>\n\n\n\n<p><\/p>\n\n\n\n<p><\/p>\n\n\n\n<p><\/p>\n\n\n\n<p><\/p>\n\n\n\n<p><\/p>\n\n\n\n<p><\/p>\n\n\n\n<p><\/p>\n\n\n\n<p><\/p>\n\n\n\n<p><\/p>\n\n\n\n<p><\/p>\n\n\n\n<p><\/p>\n\n\n\n<p><\/p>\n\n\n\n<p><\/p>\n\n\n\n<p><\/p>\n\n\n\n<p><\/p>\n\n\n\n<p><\/p>\n\n\n\n<p><\/p>\n\n\n\n<p><\/p>\n\n\n\n<p><\/p>\n\n\n\n<p><\/p>\n\n\n\n<p><\/p>\n\n\n\n<p><\/p>\n\n\n\n<p><\/p>\n\n\n\n<p><\/p>\n\n\n\n<p><\/p>\n\n\n\n<p><\/p>\n\n\n\n<p><\/p>\n\n\n\n<p><\/p>\n\n\n\n<p><\/p>\n\n\n\n<p><\/p>\n\n\n\n<p><\/p>\n\n\n\n<p><\/p>\n\n\n\n<p><\/p>\n\n\n\n<p><\/p>\n\n\n\n<p><\/p>\n\n\n\n<p><\/p>\n\n\n\n<p><\/p>\n\n\n\n<p><\/p>\n\n\n\n<p><\/p>\n\n\n\n<p><\/p>\n\n\n\n<p><\/p>\n\n\n\n<p><\/p>\n\n\n\n<p><\/p>\n\n\n\n<p><\/p>\n\n\n\n<p><\/p>\n\n\n\n<p><\/p>\n\n\n\n<p><\/p>\n\n\n\n<p><\/p>\n\n\n\n<p><\/p>\n\n\n\n<p><\/p>\n\n\n\n<p><\/p>\n\n\n\n<p><\/p>\n\n\n\n<p><\/p>\n\n\n\n<p><\/p>\n\n\n\n<p><\/p>\n\n\n\n<p><\/p>\n\n\n\n<p><\/p>\n\n\n\n<p><\/p>\n\n\n\n<p><\/p>\n\n\n\n<p><\/p>\n\n\n\n<p><\/p>\n\n\n\n<p><\/p>\n\n\n\n<p><\/p>\n\n\n\n<p><\/p>\n\n\n\n<p><\/p>\n\n\n\n<p><\/p>\n\n\n\n<p><\/p>\n\n\n\n<p><\/p>\n\n\n\n<p><\/p>\n\n\n\n<p><\/p>\n\n\n\n<p><\/p>\n\n\n\n<p><\/p>\n\n\n\n<p><\/p>\n\n\n\n<p><\/p>\n\n\n\n<p><\/p>\n\n\n\n<p><\/p>\n\n\n\n<p><\/p>\n\n\n\n<p><\/p>\n\n\n\n<p><\/p>\n\n\n\n<p><\/p>\n\n\n\n<p><\/p>\n\n\n\n<p><\/p>\n\n\n\n<p><\/p>\n\n\n\n<p><\/p>\n\n\n\n<p><\/p>\n\n\n\n<p><\/p>\n\n\n\n<p><\/p>\n\n\n\n<p><\/p>\n\n\n\n<p><\/p>\n\n\n\n<p><\/p>\n\n\n\n<p><\/p>\n\n\n\n<p><\/p>\n\n\n\n<p><\/p>\n\n\n\n<p><\/p>\n\n\n\n<p><\/p>\n\n\n\n<p><\/p>\n\n\n\n<p><\/p>\n\n\n\n<p><\/p>\n\n\n\n<p><\/p>\n\n\n\n<p><\/p>\n\n\n\n<p><\/p>\n\n\n\n<p><\/p>\n\n\n\n<p><\/p>\n\n\n\n<p><\/p>\n","protected":false},"excerpt":{"rendered":"<p>En aquel tiempo, Jes\u00fas dijo a los fariseos: \u201cYo soy la luz del mundo; el que me sigue no caminar\u00e1 en la oscuridad y tendr\u00e1 la luz de la vida\u201d. Los fariseos le dijeron a Jes\u00fas: \u201cT\u00fa das testimonio de ti mismo; tu testimonio no es v\u00e1lido\u201d. Jes\u00fas les respondi\u00f3: \u201cAunque yo mismo d\u00e9 testimonio [&hellip;]<\/p>\n","protected":false},"author":2,"featured_media":0,"comment_status":"closed","ping_status":"closed","sticky":false,"template":"","format":"standard","meta":{"footnotes":""},"categories":[165],"tags":[],"class_list":["post-13212","post","type-post","status-publish","format-standard","hentry","category-evangelio-de-hoy"],"_links":{"self":[{"href":"https:\/\/www.archivosfutmex.com\/wordpress\/wp-json\/wp\/v2\/posts\/13212","targetHints":{"allow":["GET"]}}],"collection":[{"href":"https:\/\/www.archivosfutmex.com\/wordpress\/wp-json\/wp\/v2\/posts"}],"about":[{"href":"https:\/\/www.archivosfutmex.com\/wordpress\/wp-json\/wp\/v2\/types\/post"}],"author":[{"embeddable":true,"href":"https:\/\/www.archivosfutmex.com\/wordpress\/wp-json\/wp\/v2\/users\/2"}],"replies":[{"embeddable":true,"href":"https:\/\/www.archivosfutmex.com\/wordpress\/wp-json\/wp\/v2\/comments?post=13212"}],"version-history":[{"count":0,"href":"https:\/\/www.archivosfutmex.com\/wordpress\/wp-json\/wp\/v2\/posts\/13212\/revisions"}],"wp:attachment":[{"href":"https:\/\/www.archivosfutmex.com\/wordpress\/wp-json\/wp\/v2\/media?parent=13212"}],"wp:term":[{"taxonomy":"category","embeddable":true,"href":"https:\/\/www.archivosfutmex.com\/wordpress\/wp-json\/wp\/v2\/categories?post=13212"},{"taxonomy":"post_tag","embeddable":true,"href":"https:\/\/www.archivosfutmex.com\/wordpress\/wp-json\/wp\/v2\/tags?post=13212"}],"curies":[{"name":"wp","href":"https:\/\/api.w.org\/{rel}","templated":true}]}}