{"id":13434,"date":"2025-04-19T23:40:41","date_gmt":"2025-04-20T05:40:41","guid":{"rendered":"https:\/\/www.archivosfutmex.com\/wordpress\/?p=13434"},"modified":"2025-04-19T23:40:42","modified_gmt":"2025-04-20T05:40:42","slug":"oracion-colecta-hoy-domingo-de-pascua-solemnidad-de-resurreccion-del-senor","status":"publish","type":"post","link":"https:\/\/www.archivosfutmex.com\/wordpress\/archivos\/13434","title":{"rendered":"ORACI\u00d3N COLECTA Hoy Domingo de Pascua , Solemnidad de Resurrecci\u00f3n del Se\u00f1or."},"content":{"rendered":"\n<p>Se\u00f1or Dios, que por medio de tu Unig\u00e9nito , vencedor de la muerte , nos has abierto hoy las puertas de la eterna , concede a quienes celebramos la Solemnidad de la resurrecci\u00f3n del Se\u00f1or, resucitar tambi\u00e9n en la luz de la vida eterna , por la acci\u00f3n renovadora de tu Esp\u00edrito . Por nuestro Se\u00f1or Jesucristo, tu Hijo, que vive y reina contigo en la unidad del Esp\u00edritu Santo y es Dios por los siglos de los siglos\u2026.Am\u00e9n\u2026<\/p>\n","protected":false},"excerpt":{"rendered":"<p>Se\u00f1or Dios, que por medio de tu Unig\u00e9nito , vencedor de la muerte , nos has abierto hoy las puertas de la eterna , concede a quienes celebramos la Solemnidad de la resurrecci\u00f3n del Se\u00f1or, resucitar tambi\u00e9n en la luz de la vida eterna , por la acci\u00f3n renovadora de tu Esp\u00edrito . Por nuestro [&hellip;]<\/p>\n","protected":false},"author":2,"featured_media":0,"comment_status":"closed","ping_status":"closed","sticky":false,"template":"","format":"standard","meta":{"footnotes":""},"categories":[185],"tags":[],"class_list":["post-13434","post","type-post","status-publish","format-standard","hentry","category-oracion-colecta"],"_links":{"self":[{"href":"https:\/\/www.archivosfutmex.com\/wordpress\/wp-json\/wp\/v2\/posts\/13434","targetHints":{"allow":["GET"]}}],"collection":[{"href":"https:\/\/www.archivosfutmex.com\/wordpress\/wp-json\/wp\/v2\/posts"}],"about":[{"href":"https:\/\/www.archivosfutmex.com\/wordpress\/wp-json\/wp\/v2\/types\/post"}],"author":[{"embeddable":true,"href":"https:\/\/www.archivosfutmex.com\/wordpress\/wp-json\/wp\/v2\/users\/2"}],"replies":[{"embeddable":true,"href":"https:\/\/www.archivosfutmex.com\/wordpress\/wp-json\/wp\/v2\/comments?post=13434"}],"version-history":[{"count":0,"href":"https:\/\/www.archivosfutmex.com\/wordpress\/wp-json\/wp\/v2\/posts\/13434\/revisions"}],"wp:attachment":[{"href":"https:\/\/www.archivosfutmex.com\/wordpress\/wp-json\/wp\/v2\/media?parent=13434"}],"wp:term":[{"taxonomy":"category","embeddable":true,"href":"https:\/\/www.archivosfutmex.com\/wordpress\/wp-json\/wp\/v2\/categories?post=13434"},{"taxonomy":"post_tag","embeddable":true,"href":"https:\/\/www.archivosfutmex.com\/wordpress\/wp-json\/wp\/v2\/tags?post=13434"}],"curies":[{"name":"wp","href":"https:\/\/api.w.org\/{rel}","templated":true}]}}