{"id":13636,"date":"2025-05-02T07:10:02","date_gmt":"2025-05-02T13:10:02","guid":{"rendered":"https:\/\/www.archivosfutmex.com\/wordpress\/?p=13636"},"modified":"2025-05-02T07:10:03","modified_gmt":"2025-05-02T13:10:03","slug":"palabras-del-santo-padre-207","status":"publish","type":"post","link":"https:\/\/www.archivosfutmex.com\/wordpress\/archivos\/13636","title":{"rendered":"PALABRAS DEL SANTO PADRE"},"content":{"rendered":"\n<p>El episodio surge de un hecho concreto: las personas est\u00e1n hambrientas y Jes\u00fas involucra a sus disc\u00edpulos para que esta hambre se sacie. Este es el hecho concreto. A la multitud, Jes\u00fas no se limit\u00f3 a donar esto \u2014ofreci\u00f3 su Palabra, su consuelo, su salvaci\u00f3n, su vida\u2014, pero ciertamente hizo tambi\u00e9n esto: se encarg\u00f3 del alimento para el cuerpo. El amor de Dios por la humanidad hambrienta de pan, de libertad, de justicia, de paz, y sobre todo de su gracia divina nunca falla. Jes\u00fas contin\u00faa tambi\u00e9n hoy quitando el hambre, haci\u00e9ndose presencia viva que da consuelo, y lo hace a trav\u00e9s de nosotros. Por lo tanto, el Evangelio nos invita a estar disponibles y laboriosos, como aquel chico que se da cuenta de que tiene cinco panes y dice: \u00abYo doy esto, despu\u00e9s t\u00fa ver\u00e1s&#8230;\u00bb. Frente al grito de hambre \u2014toda clase de \u00abhambre\u00bb\u2014 de tantos hermanos y hermanas en todas partes del mundo, no podemos quedarnos como meros espectadores alejados y tranquilos. El anuncio de Cristo, pan de vida eterna, requiere un generoso compromiso de solidaridad por los pobres, los d\u00e9biles, los \u00faltimos, los indefensos. (\u00c1ngelus, 29 de julio de 2018)<\/p>\n","protected":false},"excerpt":{"rendered":"<p>El episodio surge de un hecho concreto: las personas est\u00e1n hambrientas y Jes\u00fas involucra a sus disc\u00edpulos para que esta hambre se sacie. Este es el hecho concreto. A la multitud, Jes\u00fas no se limit\u00f3 a donar esto \u2014ofreci\u00f3 su Palabra, su consuelo, su salvaci\u00f3n, su vida\u2014, pero ciertamente hizo tambi\u00e9n esto: se encarg\u00f3 del [&hellip;]<\/p>\n","protected":false},"author":2,"featured_media":0,"comment_status":"closed","ping_status":"closed","sticky":false,"template":"","format":"standard","meta":{"footnotes":""},"categories":[229],"tags":[],"class_list":["post-13636","post","type-post","status-publish","format-standard","hentry","category-palabras-del-santo-padre"],"_links":{"self":[{"href":"https:\/\/www.archivosfutmex.com\/wordpress\/wp-json\/wp\/v2\/posts\/13636","targetHints":{"allow":["GET"]}}],"collection":[{"href":"https:\/\/www.archivosfutmex.com\/wordpress\/wp-json\/wp\/v2\/posts"}],"about":[{"href":"https:\/\/www.archivosfutmex.com\/wordpress\/wp-json\/wp\/v2\/types\/post"}],"author":[{"embeddable":true,"href":"https:\/\/www.archivosfutmex.com\/wordpress\/wp-json\/wp\/v2\/users\/2"}],"replies":[{"embeddable":true,"href":"https:\/\/www.archivosfutmex.com\/wordpress\/wp-json\/wp\/v2\/comments?post=13636"}],"version-history":[{"count":0,"href":"https:\/\/www.archivosfutmex.com\/wordpress\/wp-json\/wp\/v2\/posts\/13636\/revisions"}],"wp:attachment":[{"href":"https:\/\/www.archivosfutmex.com\/wordpress\/wp-json\/wp\/v2\/media?parent=13636"}],"wp:term":[{"taxonomy":"category","embeddable":true,"href":"https:\/\/www.archivosfutmex.com\/wordpress\/wp-json\/wp\/v2\/categories?post=13636"},{"taxonomy":"post_tag","embeddable":true,"href":"https:\/\/www.archivosfutmex.com\/wordpress\/wp-json\/wp\/v2\/tags?post=13636"}],"curies":[{"name":"wp","href":"https:\/\/api.w.org\/{rel}","templated":true}]}}