{"id":13641,"date":"2025-05-03T14:29:34","date_gmt":"2025-05-03T20:29:34","guid":{"rendered":"https:\/\/www.archivosfutmex.com\/wordpress\/?p=13641"},"modified":"2025-05-03T14:29:35","modified_gmt":"2025-05-03T20:29:35","slug":"oracion-colecta-hoy-sabado-3-mayo-2025","status":"publish","type":"post","link":"https:\/\/www.archivosfutmex.com\/wordpress\/archivos\/13641","title":{"rendered":"ORACI\u00d3N COLECTA Hoy S\u00e1bado 3 Mayo 2025"},"content":{"rendered":"\n<p>Se\u00f1or Dios , que quisiste que tu Unig\u00e9nito sufriera la cruz para salvar al g\u00e9nero humano, conc\u00e9denos que quienes conocimos su misterio en la tierra , merezcamos alcanzar en el cielo el premio de su redenci\u00f3n . Por nuestro Se\u00f1or Jesucristo , tu Hijo,&nbsp; que vive y reina contigo en la unidad del Esp\u00edritu Santo y es Dios por los Siglos de los siglos\u2026Am\u00e9n..<\/p>\n","protected":false},"excerpt":{"rendered":"<p>Se\u00f1or Dios , que quisiste que tu Unig\u00e9nito sufriera la cruz para salvar al g\u00e9nero humano, conc\u00e9denos que quienes conocimos su misterio en la tierra , merezcamos alcanzar en el cielo el premio de su redenci\u00f3n . Por nuestro Se\u00f1or Jesucristo , tu Hijo,&nbsp; que vive y reina contigo en la unidad del Esp\u00edritu Santo [&hellip;]<\/p>\n","protected":false},"author":2,"featured_media":0,"comment_status":"closed","ping_status":"closed","sticky":false,"template":"","format":"standard","meta":{"footnotes":""},"categories":[185],"tags":[],"class_list":["post-13641","post","type-post","status-publish","format-standard","hentry","category-oracion-colecta"],"_links":{"self":[{"href":"https:\/\/www.archivosfutmex.com\/wordpress\/wp-json\/wp\/v2\/posts\/13641","targetHints":{"allow":["GET"]}}],"collection":[{"href":"https:\/\/www.archivosfutmex.com\/wordpress\/wp-json\/wp\/v2\/posts"}],"about":[{"href":"https:\/\/www.archivosfutmex.com\/wordpress\/wp-json\/wp\/v2\/types\/post"}],"author":[{"embeddable":true,"href":"https:\/\/www.archivosfutmex.com\/wordpress\/wp-json\/wp\/v2\/users\/2"}],"replies":[{"embeddable":true,"href":"https:\/\/www.archivosfutmex.com\/wordpress\/wp-json\/wp\/v2\/comments?post=13641"}],"version-history":[{"count":0,"href":"https:\/\/www.archivosfutmex.com\/wordpress\/wp-json\/wp\/v2\/posts\/13641\/revisions"}],"wp:attachment":[{"href":"https:\/\/www.archivosfutmex.com\/wordpress\/wp-json\/wp\/v2\/media?parent=13641"}],"wp:term":[{"taxonomy":"category","embeddable":true,"href":"https:\/\/www.archivosfutmex.com\/wordpress\/wp-json\/wp\/v2\/categories?post=13641"},{"taxonomy":"post_tag","embeddable":true,"href":"https:\/\/www.archivosfutmex.com\/wordpress\/wp-json\/wp\/v2\/tags?post=13641"}],"curies":[{"name":"wp","href":"https:\/\/api.w.org\/{rel}","templated":true}]}}