{"id":13645,"date":"2025-05-03T14:39:03","date_gmt":"2025-05-03T20:39:03","guid":{"rendered":"https:\/\/www.archivosfutmex.com\/wordpress\/?p=13645"},"modified":"2025-05-03T14:39:03","modified_gmt":"2025-05-03T20:39:03","slug":"del-santo-evangelio-de-hoy-sabado-3-del-evangelio-segun-san-juan-jn-14-6-14","status":"publish","type":"post","link":"https:\/\/www.archivosfutmex.com\/wordpress\/archivos\/13645","title":{"rendered":"Del Santo Evangelio de Hoy S\u00e1bado 3, del Evangelio seg\u00fan San Juan .  Jn 14, 6-14"},"content":{"rendered":"\n<p>Juan 14, 6-14<\/p>\n\n\n\n<p>En aquel tiempo, Jes\u00fas dijo a Tom\u00e1s: \u00abYo soy el camino, la verdad y la vida. Nadie va al Padre si no es por m\u00ed. Si ustedes me conocen a m\u00ed, conocen tambi\u00e9n a mi Padre. Ya desde ahora lo conocen y lo han visto\u00bb.<br><br>Le dijo Felipe: \u00abSe\u00f1or, mu\u00e9stranos al Padre y eso nos basta\u00bb. Jes\u00fas le replic\u00f3: \u00abFelipe, tanto tiempo hace que estoy con ustedes, \u00bfy todav\u00eda no me conoces? Quien me ha visto a m\u00ed, ha visto al Padre. \u00bfEntonces por qu\u00e9 dices: &#8216;Mu\u00e9stranos al Padre&#8217;? \u00bfO no crees que yo estoy en el Padre y que el Padre est\u00e1 en m\u00ed? Las palabras que yo les digo, no las digo por mi propia cuenta. Es el Padre, que permanece en m\u00ed, quien hace las obras. Cr\u00e9anme: yo estoy en el Padre y el Padre est\u00e1 en m\u00ed. Si no me dan fe a m\u00ed, cr\u00e9anlo por las obras.<br><br>Yo les aseguro: el que crea en m\u00ed, har\u00e1 las obras que hago yo y las har\u00e1 a\u00fan mayores, porque yo me voy al Padre; y cualquier cosa que pidan en mi nombre, yo la har\u00e9 para que el Padre sea glorificado en el Hijo. Yo har\u00e9 cualquier cosa que me pidan en mi nombre\u00bb.<\/p>\n","protected":false},"excerpt":{"rendered":"<p>Juan 14, 6-14 En aquel tiempo, Jes\u00fas dijo a Tom\u00e1s: \u00abYo soy el camino, la verdad y la vida. Nadie va al Padre si no es por m\u00ed. Si ustedes me conocen a m\u00ed, conocen tambi\u00e9n a mi Padre. Ya desde ahora lo conocen y lo han visto\u00bb. Le dijo Felipe: \u00abSe\u00f1or, mu\u00e9stranos al Padre [&hellip;]<\/p>\n","protected":false},"author":2,"featured_media":0,"comment_status":"closed","ping_status":"closed","sticky":false,"template":"","format":"standard","meta":{"footnotes":""},"categories":[165],"tags":[],"class_list":["post-13645","post","type-post","status-publish","format-standard","hentry","category-evangelio-de-hoy"],"_links":{"self":[{"href":"https:\/\/www.archivosfutmex.com\/wordpress\/wp-json\/wp\/v2\/posts\/13645","targetHints":{"allow":["GET"]}}],"collection":[{"href":"https:\/\/www.archivosfutmex.com\/wordpress\/wp-json\/wp\/v2\/posts"}],"about":[{"href":"https:\/\/www.archivosfutmex.com\/wordpress\/wp-json\/wp\/v2\/types\/post"}],"author":[{"embeddable":true,"href":"https:\/\/www.archivosfutmex.com\/wordpress\/wp-json\/wp\/v2\/users\/2"}],"replies":[{"embeddable":true,"href":"https:\/\/www.archivosfutmex.com\/wordpress\/wp-json\/wp\/v2\/comments?post=13645"}],"version-history":[{"count":0,"href":"https:\/\/www.archivosfutmex.com\/wordpress\/wp-json\/wp\/v2\/posts\/13645\/revisions"}],"wp:attachment":[{"href":"https:\/\/www.archivosfutmex.com\/wordpress\/wp-json\/wp\/v2\/media?parent=13645"}],"wp:term":[{"taxonomy":"category","embeddable":true,"href":"https:\/\/www.archivosfutmex.com\/wordpress\/wp-json\/wp\/v2\/categories?post=13645"},{"taxonomy":"post_tag","embeddable":true,"href":"https:\/\/www.archivosfutmex.com\/wordpress\/wp-json\/wp\/v2\/tags?post=13645"}],"curies":[{"name":"wp","href":"https:\/\/api.w.org\/{rel}","templated":true}]}}