{"id":13647,"date":"2025-05-03T14:52:36","date_gmt":"2025-05-03T20:52:36","guid":{"rendered":"https:\/\/www.archivosfutmex.com\/wordpress\/?p=13647"},"modified":"2025-05-03T14:52:37","modified_gmt":"2025-05-03T20:52:37","slug":"palabras-del-santo-padre-208","status":"publish","type":"post","link":"https:\/\/www.archivosfutmex.com\/wordpress\/archivos\/13647","title":{"rendered":"PALABRAS DEL SANTO PADRE"},"content":{"rendered":"\n<p>\u00abY todo lo que pid\u00e1is en mi nombre, yo lo har\u00e9, para que el Padre sea glorificado en el Hijo\u00bb (14,13). Y el Catecismo explica que \u00abla certeza de ser escuchados en nuestras peticiones se funda en la oraci\u00f3n de Jes\u00fas\u00bb (n.\u00a0<a href=\"http:\/\/www.vatican.va\/archive\/catechism_sp\/p4s1c1a2_sp.html\">2614<\/a>). Esta dona las alas que la oraci\u00f3n del hombre siempre ha deseado poseer. C\u00f3mo no recordar aqu\u00ed las palabras del salmo 91, cargadas de confianza, que nacen de un coraz\u00f3n que espera todo de Dios: \u00abTe cubrir\u00e1 con su plumaje, un refugio hallar\u00e1s bajo sus alas. Escudo y adarga es su lealtad.\u00a0(\u2026) Es en Cristo que se cumple esta maravillosa oraci\u00f3n, es en \u00c9l que encuentra su plena verdad. Sin Jes\u00fas, nuestras oraciones correr\u00edan el riesgo de reducirse a los esfuerzos humanos, destinados la mayor parte de las veces al fracaso. Pero \u00c9l ha tomado sobre s\u00ed cada grito, cada lamento, cada j\u00fabilo, cada s\u00faplica\u2026 cada oraci\u00f3n humana. Y no olvidemos el Esp\u00edritu Santo que reza en nosotros; es Aquel que nos lleva a rezar, nos lleva a Jes\u00fas.\u00a0(Audiencia General, 11 de noviembre de 2020)<\/p>\n","protected":false},"excerpt":{"rendered":"<p>\u00abY todo lo que pid\u00e1is en mi nombre, yo lo har\u00e9, para que el Padre sea glorificado en el Hijo\u00bb (14,13). Y el Catecismo explica que \u00abla certeza de ser escuchados en nuestras peticiones se funda en la oraci\u00f3n de Jes\u00fas\u00bb (n.\u00a02614). Esta dona las alas que la oraci\u00f3n del hombre siempre ha deseado poseer. [&hellip;]<\/p>\n","protected":false},"author":2,"featured_media":0,"comment_status":"closed","ping_status":"closed","sticky":false,"template":"","format":"standard","meta":{"footnotes":""},"categories":[229],"tags":[],"class_list":["post-13647","post","type-post","status-publish","format-standard","hentry","category-palabras-del-santo-padre"],"_links":{"self":[{"href":"https:\/\/www.archivosfutmex.com\/wordpress\/wp-json\/wp\/v2\/posts\/13647","targetHints":{"allow":["GET"]}}],"collection":[{"href":"https:\/\/www.archivosfutmex.com\/wordpress\/wp-json\/wp\/v2\/posts"}],"about":[{"href":"https:\/\/www.archivosfutmex.com\/wordpress\/wp-json\/wp\/v2\/types\/post"}],"author":[{"embeddable":true,"href":"https:\/\/www.archivosfutmex.com\/wordpress\/wp-json\/wp\/v2\/users\/2"}],"replies":[{"embeddable":true,"href":"https:\/\/www.archivosfutmex.com\/wordpress\/wp-json\/wp\/v2\/comments?post=13647"}],"version-history":[{"count":0,"href":"https:\/\/www.archivosfutmex.com\/wordpress\/wp-json\/wp\/v2\/posts\/13647\/revisions"}],"wp:attachment":[{"href":"https:\/\/www.archivosfutmex.com\/wordpress\/wp-json\/wp\/v2\/media?parent=13647"}],"wp:term":[{"taxonomy":"category","embeddable":true,"href":"https:\/\/www.archivosfutmex.com\/wordpress\/wp-json\/wp\/v2\/categories?post=13647"},{"taxonomy":"post_tag","embeddable":true,"href":"https:\/\/www.archivosfutmex.com\/wordpress\/wp-json\/wp\/v2\/tags?post=13647"}],"curies":[{"name":"wp","href":"https:\/\/api.w.org\/{rel}","templated":true}]}}