{"id":13680,"date":"2025-05-05T21:10:46","date_gmt":"2025-05-06T03:10:46","guid":{"rendered":"https:\/\/www.archivosfutmex.com\/wordpress\/?p=13680"},"modified":"2025-05-05T21:10:46","modified_gmt":"2025-05-06T03:10:46","slug":"oracion-colecta-manana-hoy-martes-6-mayo-2025","status":"publish","type":"post","link":"https:\/\/www.archivosfutmex.com\/wordpress\/archivos\/13680","title":{"rendered":"ORACION COLECTA Ma\u00f1ana (Hoy ) Martes 6 Mayo 2025"},"content":{"rendered":"\n<p>Dios y Padre nuestro , que nos diste a la madre de tu Hijo como Madre nuestra, conc\u00e9denos que, perseverando en la penitencia y en la oraci\u00f3n en favor de la salvaci\u00f3n del mundo , podemos promover cada vez con m\u00e1s eficacia el reinado de Cristo, Hijo Tuyo y Se\u00f1or nuestro. \u00c9l, que vive y reina contigo en la unidad del \u00a0Esp\u00efritu Santo y es Dios por los siglos de los siglo\u2026 Am\u00e9n\u2026\u2026.<\/p>\n","protected":false},"excerpt":{"rendered":"<p>Dios y Padre nuestro , que nos diste a la madre de tu Hijo como Madre nuestra, conc\u00e9denos que, perseverando en la penitencia y en la oraci\u00f3n en favor de la salvaci\u00f3n del mundo , podemos promover cada vez con m\u00e1s eficacia el reinado de Cristo, Hijo Tuyo y Se\u00f1or nuestro. \u00c9l, que vive y [&hellip;]<\/p>\n","protected":false},"author":2,"featured_media":0,"comment_status":"closed","ping_status":"closed","sticky":false,"template":"","format":"standard","meta":{"footnotes":""},"categories":[185],"tags":[],"class_list":["post-13680","post","type-post","status-publish","format-standard","hentry","category-oracion-colecta"],"_links":{"self":[{"href":"https:\/\/www.archivosfutmex.com\/wordpress\/wp-json\/wp\/v2\/posts\/13680","targetHints":{"allow":["GET"]}}],"collection":[{"href":"https:\/\/www.archivosfutmex.com\/wordpress\/wp-json\/wp\/v2\/posts"}],"about":[{"href":"https:\/\/www.archivosfutmex.com\/wordpress\/wp-json\/wp\/v2\/types\/post"}],"author":[{"embeddable":true,"href":"https:\/\/www.archivosfutmex.com\/wordpress\/wp-json\/wp\/v2\/users\/2"}],"replies":[{"embeddable":true,"href":"https:\/\/www.archivosfutmex.com\/wordpress\/wp-json\/wp\/v2\/comments?post=13680"}],"version-history":[{"count":0,"href":"https:\/\/www.archivosfutmex.com\/wordpress\/wp-json\/wp\/v2\/posts\/13680\/revisions"}],"wp:attachment":[{"href":"https:\/\/www.archivosfutmex.com\/wordpress\/wp-json\/wp\/v2\/media?parent=13680"}],"wp:term":[{"taxonomy":"category","embeddable":true,"href":"https:\/\/www.archivosfutmex.com\/wordpress\/wp-json\/wp\/v2\/categories?post=13680"},{"taxonomy":"post_tag","embeddable":true,"href":"https:\/\/www.archivosfutmex.com\/wordpress\/wp-json\/wp\/v2\/tags?post=13680"}],"curies":[{"name":"wp","href":"https:\/\/api.w.org\/{rel}","templated":true}]}}