{"id":13684,"date":"2025-05-05T21:16:27","date_gmt":"2025-05-06T03:16:27","guid":{"rendered":"https:\/\/www.archivosfutmex.com\/wordpress\/?p=13684"},"modified":"2025-05-05T21:16:28","modified_gmt":"2025-05-06T03:16:28","slug":"el-santo-evangelio-de-manana-hoy-martes-6-del-evangelio-segun-san-juan-jn-6-30-35","status":"publish","type":"post","link":"https:\/\/www.archivosfutmex.com\/wordpress\/archivos\/13684","title":{"rendered":"El Santo Evangelio de Ma\u00f1ana (Hoy) Martes 6, Del Evangelio seg\u00fan San Juan , Jn 6, 30-35"},"content":{"rendered":"\n<p>En aquel tiempo, la gente le pregunt\u00f3 a Jes\u00fas: \u201c\u00bfQu\u00e9 signo vas a realizar t\u00fa, para que lo veamos y podamos creerte? \u00bfCu\u00e1les son tus obras? Nuestros padres comieron el man\u00e1 en el desierto, como est\u00e1 escrito:&nbsp;<em>Les dio a comer pan del cielo<\/em>\u201d.<\/p>\n\n\n\n<p>Jes\u00fas les respondi\u00f3: \u201cYo les aseguro: No fue Mois\u00e9s quien les dio pan del cielo; es mi Padre quien les da el verdadero pan del cielo. Porque el pan de Dios es aquel que baja del cielo y da la vida al mundo\u201d.<\/p>\n\n\n\n<p>Entonces le dijeron: \u201cSe\u00f1or, danos siempre de ese pan\u201d. Jes\u00fas les contest\u00f3: \u201cYo soy el pan de la vida. El que viene a m\u00ed no tendr\u00e1 hambre, y el que cree en m\u00ed nunca tendr\u00e1 sed\u201d.<\/p>\n","protected":false},"excerpt":{"rendered":"<p>En aquel tiempo, la gente le pregunt\u00f3 a Jes\u00fas: \u201c\u00bfQu\u00e9 signo vas a realizar t\u00fa, para que lo veamos y podamos creerte? \u00bfCu\u00e1les son tus obras? Nuestros padres comieron el man\u00e1 en el desierto, como est\u00e1 escrito:&nbsp;Les dio a comer pan del cielo\u201d. Jes\u00fas les respondi\u00f3: \u201cYo les aseguro: No fue Mois\u00e9s quien les dio [&hellip;]<\/p>\n","protected":false},"author":2,"featured_media":0,"comment_status":"closed","ping_status":"closed","sticky":false,"template":"","format":"standard","meta":{"footnotes":""},"categories":[165],"tags":[],"class_list":["post-13684","post","type-post","status-publish","format-standard","hentry","category-evangelio-de-hoy"],"_links":{"self":[{"href":"https:\/\/www.archivosfutmex.com\/wordpress\/wp-json\/wp\/v2\/posts\/13684","targetHints":{"allow":["GET"]}}],"collection":[{"href":"https:\/\/www.archivosfutmex.com\/wordpress\/wp-json\/wp\/v2\/posts"}],"about":[{"href":"https:\/\/www.archivosfutmex.com\/wordpress\/wp-json\/wp\/v2\/types\/post"}],"author":[{"embeddable":true,"href":"https:\/\/www.archivosfutmex.com\/wordpress\/wp-json\/wp\/v2\/users\/2"}],"replies":[{"embeddable":true,"href":"https:\/\/www.archivosfutmex.com\/wordpress\/wp-json\/wp\/v2\/comments?post=13684"}],"version-history":[{"count":0,"href":"https:\/\/www.archivosfutmex.com\/wordpress\/wp-json\/wp\/v2\/posts\/13684\/revisions"}],"wp:attachment":[{"href":"https:\/\/www.archivosfutmex.com\/wordpress\/wp-json\/wp\/v2\/media?parent=13684"}],"wp:term":[{"taxonomy":"category","embeddable":true,"href":"https:\/\/www.archivosfutmex.com\/wordpress\/wp-json\/wp\/v2\/categories?post=13684"},{"taxonomy":"post_tag","embeddable":true,"href":"https:\/\/www.archivosfutmex.com\/wordpress\/wp-json\/wp\/v2\/tags?post=13684"}],"curies":[{"name":"wp","href":"https:\/\/api.w.org\/{rel}","templated":true}]}}