{"id":13686,"date":"2025-05-05T21:17:44","date_gmt":"2025-05-06T03:17:44","guid":{"rendered":"https:\/\/www.archivosfutmex.com\/wordpress\/?p=13686"},"modified":"2025-05-05T21:17:44","modified_gmt":"2025-05-06T03:17:44","slug":"palabras-del-santo-padre-martes-6-mayo-2025","status":"publish","type":"post","link":"https:\/\/www.archivosfutmex.com\/wordpress\/archivos\/13686","title":{"rendered":"PALABRAS DEL SANTO PADRE , Martes 6 Mayo 2025"},"content":{"rendered":"\n<p>\u00c9l, verdadero \u00abpan de la vida\u00bb (v. 35), quiere saciar no solamente los cuerpos sino tambi\u00e9n las almas, dando el alimento espiritual que puede satisfacer el hambre profunda. Por esto invita a la multitud a procurarse no la comida que no dura, sino esa que permanece para la vida eterna (cf. v. 27). Se trata de un alimento que Jes\u00fas nos dona cada d\u00eda: su Palabra, su Cuerpo, su Sangre. (\u2026)\u00a0 El Se\u00f1or nos invita a no olvidar que, si es necesario preocuparse por el pan, todav\u00eda m\u00e1s importante es cultivar la relaci\u00f3n con \u00c9l, reforzar nuestra fe en \u00c9l que es el \u00abpan de la vida\u00bb, venido para saciar nuestra hambre de verdad, nuestra hambre de justicia, nuestra hambre de amor. Que la Virgen Mar\u00eda (\u2026) nos sostenga en nuestro camino de fe y nos ayude a abandonarnos con alegr\u00eda al dise\u00f1o de Dios sobre nuestra vida. (\u00c1ngelus, 5 de agosto de 2018)\u00a0<\/p>\n","protected":false},"excerpt":{"rendered":"<p>\u00c9l, verdadero \u00abpan de la vida\u00bb (v. 35), quiere saciar no solamente los cuerpos sino tambi\u00e9n las almas, dando el alimento espiritual que puede satisfacer el hambre profunda. Por esto invita a la multitud a procurarse no la comida que no dura, sino esa que permanece para la vida eterna (cf. v. 27). Se trata [&hellip;]<\/p>\n","protected":false},"author":2,"featured_media":0,"comment_status":"closed","ping_status":"closed","sticky":false,"template":"","format":"standard","meta":{"footnotes":""},"categories":[229],"tags":[],"class_list":["post-13686","post","type-post","status-publish","format-standard","hentry","category-palabras-del-santo-padre"],"_links":{"self":[{"href":"https:\/\/www.archivosfutmex.com\/wordpress\/wp-json\/wp\/v2\/posts\/13686","targetHints":{"allow":["GET"]}}],"collection":[{"href":"https:\/\/www.archivosfutmex.com\/wordpress\/wp-json\/wp\/v2\/posts"}],"about":[{"href":"https:\/\/www.archivosfutmex.com\/wordpress\/wp-json\/wp\/v2\/types\/post"}],"author":[{"embeddable":true,"href":"https:\/\/www.archivosfutmex.com\/wordpress\/wp-json\/wp\/v2\/users\/2"}],"replies":[{"embeddable":true,"href":"https:\/\/www.archivosfutmex.com\/wordpress\/wp-json\/wp\/v2\/comments?post=13686"}],"version-history":[{"count":0,"href":"https:\/\/www.archivosfutmex.com\/wordpress\/wp-json\/wp\/v2\/posts\/13686\/revisions"}],"wp:attachment":[{"href":"https:\/\/www.archivosfutmex.com\/wordpress\/wp-json\/wp\/v2\/media?parent=13686"}],"wp:term":[{"taxonomy":"category","embeddable":true,"href":"https:\/\/www.archivosfutmex.com\/wordpress\/wp-json\/wp\/v2\/categories?post=13686"},{"taxonomy":"post_tag","embeddable":true,"href":"https:\/\/www.archivosfutmex.com\/wordpress\/wp-json\/wp\/v2\/tags?post=13686"}],"curies":[{"name":"wp","href":"https:\/\/api.w.org\/{rel}","templated":true}]}}