{"id":13695,"date":"2025-05-07T04:31:42","date_gmt":"2025-05-07T10:31:42","guid":{"rendered":"http:\/\/www.archivosfutmex.com\/wordpress\/?p=13695"},"modified":"2025-05-07T04:31:42","modified_gmt":"2025-05-07T10:31:42","slug":"oracion-colecta-hoy-miercoles-7-mayo-2025-muestrame-propicio-senor-con-tu-familia-santa-y-protegela-benignamente-de-manera-que-a-quienes-concediste-la-gracia-de-la-fe-les-otorgues-tambien-la-part","status":"publish","type":"post","link":"https:\/\/www.archivosfutmex.com\/wordpress\/archivos\/13695","title":{"rendered":"ORACION COLECTA Hoy Mi\u00e9rcoles 7 Mayo 2025  Mu\u00e9strame propicio, Se\u00f1or, con tu familia santa y prot\u00e9gela benignamente, de manera que a quienes concediste la gracia de la fe, les otorgues tambi\u00e9n la participaci\u00f3n eterna en la resurrecci\u00f3n de tu Unig\u00e9nito. \u00c9l, que vive y reina en la unidad del Esp\u00edritu Santo y es Dios por los siglos de los siglos&#8230;.Am\u00e9n&#8230;."},"content":{"rendered":"\n<p><\/p>\n\n\n\n<p><\/p>\n","protected":false},"excerpt":{"rendered":"","protected":false},"author":2,"featured_media":0,"comment_status":"closed","ping_status":"closed","sticky":false,"template":"","format":"standard","meta":{"footnotes":""},"categories":[185],"tags":[],"class_list":["post-13695","post","type-post","status-publish","format-standard","hentry","category-oracion-colecta"],"_links":{"self":[{"href":"https:\/\/www.archivosfutmex.com\/wordpress\/wp-json\/wp\/v2\/posts\/13695","targetHints":{"allow":["GET"]}}],"collection":[{"href":"https:\/\/www.archivosfutmex.com\/wordpress\/wp-json\/wp\/v2\/posts"}],"about":[{"href":"https:\/\/www.archivosfutmex.com\/wordpress\/wp-json\/wp\/v2\/types\/post"}],"author":[{"embeddable":true,"href":"https:\/\/www.archivosfutmex.com\/wordpress\/wp-json\/wp\/v2\/users\/2"}],"replies":[{"embeddable":true,"href":"https:\/\/www.archivosfutmex.com\/wordpress\/wp-json\/wp\/v2\/comments?post=13695"}],"version-history":[{"count":0,"href":"https:\/\/www.archivosfutmex.com\/wordpress\/wp-json\/wp\/v2\/posts\/13695\/revisions"}],"wp:attachment":[{"href":"https:\/\/www.archivosfutmex.com\/wordpress\/wp-json\/wp\/v2\/media?parent=13695"}],"wp:term":[{"taxonomy":"category","embeddable":true,"href":"https:\/\/www.archivosfutmex.com\/wordpress\/wp-json\/wp\/v2\/categories?post=13695"},{"taxonomy":"post_tag","embeddable":true,"href":"https:\/\/www.archivosfutmex.com\/wordpress\/wp-json\/wp\/v2\/tags?post=13695"}],"curies":[{"name":"wp","href":"https:\/\/api.w.org\/{rel}","templated":true}]}}